{"id":10420,"date":"2013-06-12T14:09:32","date_gmt":"2013-06-12T14:09:32","guid":{"rendered":"http:\/\/entecultura.com.ar\/usina2\/?p=10420"},"modified":"2013-06-12T14:09:32","modified_gmt":"2013-06-12T14:09:32","slug":"sunchales-el-municipio-patrocinara-la-programacion-de-giras-nacionales-del-teatro-nacional-cervantes","status":"publish","type":"post","link":"http:\/\/enteculturalsantafesino.com.ar\/usina2\/2013\/06\/sunchales-el-municipio-patrocinara-la-programacion-de-giras-nacionales-del-teatro-nacional-cervantes\/","title":{"rendered":"Sunchales: El municipio patrocinar\u00e1 la programaci\u00f3n de \u201cGiras Nacionales del Teatro Nacional Cervantes\u201d."},"content":{"rendered":"<p><a href=\"http:\/\/enteculturalsantafesino.com.ar\/usina2\/wp-content\/uploads\/2013\/06\/images-7.jpg\" rel=\"lightbox[10420]\"><img loading=\"lazy\" decoding=\"async\" class=\"size-full wp-image-10421 alignright\" alt=\"images (7)\" src=\"http:\/\/enteculturalsantafesino.com.ar\/usina2\/wp-content\/uploads\/2013\/06\/images-7.jpg\" width=\"299\" height=\"168\" \/><\/a>La Municipalidad de Sunchales desde la Subsecretar\u00eda de Educaci\u00f3n y Cultura, y el Centro de Cultura Art\u00edstica \u201cAmigos del Arte\u201d informan a toda la comunidad que este a\u00f1o se decidi\u00f3 patrocinar conjuntamente la programaci\u00f3n de \u201cGiras Nacionales del Teatro Nacional Cervantes\u201d en nuestra localidad. Esta gira se comparte en la provincia de Santa Fe con las \u00e1reas de cultura de las municipalidades de Esperanza y Santo Tom\u00e9.<\/p>\n<p>En t\u00e9rminos generales, esta propuesta incentiva la presentaci\u00f3n de obras del repertorio del Teatro Nacional Cervantes, que se llevar\u00e1n a cabo en ciudades del interior del pa\u00eds, enmarcadas en el Proyecto Giras Federales de dicha instituci\u00f3n. Las mismas permiten acercar al p\u00fablico del pa\u00eds a obras de alto valor cultural y a artistas de reconocida trayectoria y calidad interpretativa, al tiempo, que fortalecer y crear corredores de circulaci\u00f3n de bienes culturales.<\/p>\n<p>Dentro de este marco, el d\u00eda domingo 30 de junio llegar\u00e1 a Sunchales la obra teatral \u201cLos p\u00e1jaros cantan en griego\u201d, del autor chileno Marco Antonio de la Parra, protagonizada por V\u00edctor Hugo Vieyra y Mar\u00eda Ibarreta, y bajo la direcci\u00f3n de Carlos Ianni.<\/p>\n<p>La funci\u00f3n se llevar\u00e1 a cabo en la Sala Bosch del CCA \u201cAmigos del Arte\u201d, a partir de la hora 20. Las entradas tienen un valor de $50, y ya pueden adquirirse en la Secretar\u00eda de dicha instituci\u00f3n, de lunes a viernes de 9hs a 12hs, y en la Secretar\u00eda del Liceo Municipal en el mismo horario matutino, y por la tarde de 15hs a 20hs.<\/p>\n<p>Esta forma de labor est\u00e1 enmarcada en el convencimiento de la importancia inestimable de trabajos compartidos entre las \u00e1reas p\u00fablicas con las instituciones privadas de la ciudad.<\/p>\n","protected":false},"excerpt":{"rendered":"<p>La Municipalidad de Sunchales desde la Subsecretar\u00eda de Educaci\u00f3n y Cultura, y el Centro de Cultura Art\u00edstica [&hellip;]<\/p>\n","protected":false},"author":3,"featured_media":0,"comment_status":"closed","ping_status":"closed","sticky":false,"template":"","format":"standard","meta":{"_jetpack_memberships_contains_paid_content":false,"footnotes":"","jetpack_publicize_message":"","jetpack_publicize_feature_enabled":true,"jetpack_social_post_already_shared":false,"jetpack_social_options":{"image_generator_settings":{"template":"highway","enabled":false}}},"categories":[27],"tags":[],"jetpack_publicize_connections":[],"jetpack_featured_media_url":"","jetpack_sharing_enabled":true,"_links":{"self":[{"href":"http:\/\/enteculturalsantafesino.com.ar\/usina2\/wp-json\/wp\/v2\/posts\/10420"}],"collection":[{"href":"http:\/\/enteculturalsantafesino.com.ar\/usina2\/wp-json\/wp\/v2\/posts"}],"about":[{"href":"http:\/\/enteculturalsantafesino.com.ar\/usina2\/wp-json\/wp\/v2\/types\/post"}],"author":[{"embeddable":true,"href":"http:\/\/enteculturalsantafesino.com.ar\/usina2\/wp-json\/wp\/v2\/users\/3"}],"replies":[{"embeddable":true,"href":"http:\/\/enteculturalsantafesino.com.ar\/usina2\/wp-json\/wp\/v2\/comments?post=10420"}],"version-history":[{"count":0,"href":"http:\/\/enteculturalsantafesino.com.ar\/usina2\/wp-json\/wp\/v2\/posts\/10420\/revisions"}],"wp:attachment":[{"href":"http:\/\/enteculturalsantafesino.com.ar\/usina2\/wp-json\/wp\/v2\/media?parent=10420"}],"wp:term":[{"taxonomy":"category","embeddable":true,"href":"http:\/\/enteculturalsantafesino.com.ar\/usina2\/wp-json\/wp\/v2\/categories?post=10420"},{"taxonomy":"post_tag","embeddable":true,"href":"http:\/\/enteculturalsantafesino.com.ar\/usina2\/wp-json\/wp\/v2\/tags?post=10420"}],"curies":[{"name":"wp","href":"https:\/\/api.w.org\/{rel}","templated":true}]}}