{"id":10423,"date":"2013-06-12T14:34:51","date_gmt":"2013-06-12T14:34:51","guid":{"rendered":"http:\/\/entecultura.com.ar\/usina2\/?p=10423"},"modified":"2013-06-12T14:34:51","modified_gmt":"2013-06-12T14:34:51","slug":"san-vicente-nueva-edicion-de-tejido-solidario","status":"publish","type":"post","link":"http:\/\/enteculturalsantafesino.com.ar\/usina2\/2013\/06\/san-vicente-nueva-edicion-de-tejido-solidario\/","title":{"rendered":"San Vicente: Nueva edici\u00f3n de \u00abTejido Solidario\u00bb."},"content":{"rendered":"<p><a href=\"http:\/\/enteculturalsantafesino.com.ar\/usina2\/wp-content\/uploads\/2013\/06\/968802_359312727524367_863555229_n1.jpg\" rel=\"lightbox[10423]\"><img loading=\"lazy\" decoding=\"async\" class=\"size-medium wp-image-10424 alignright\" alt=\"968802_359312727524367_863555229_n\" src=\"http:\/\/enteculturalsantafesino.com.ar\/usina2\/wp-content\/uploads\/2013\/06\/968802_359312727524367_863555229_n1-210x300.jpg\" width=\"210\" height=\"300\" \/><\/a>Carolina Gait\u00e1n, Secretaria de Cultura de la localidad de San Vicente invita, este Jueves 13 de Junio, a compartir una nueva edici\u00f3n de \u00abTejido Solidario\u00bb, a cargo de Margarita Franco, encargada del taller Comunal de tejido.<\/p>\n<p>Desde las 14 hs. y hasta las 18 hs., en las instalaciones de la Casa de la Cultura se compartir\u00e1 una tarde tejiendo solidaridad.\u00a0Todas las creaciones\u00a0ser\u00e1n entregadas a quienes mas lo necesitan.<\/p>\n<p>La persona que no sepa tejer, puede enviar su ovillo a la direcci\u00f3n indicada, que all\u00ed lo convertir\u00e1n en abrigo.<\/p>\n<p><em id=\"__mceDel\"><em id=\"__mceDel\"><em id=\"__mceDel\"><\/p>\n<p><\/em><\/em><\/em><\/p>\n","protected":false},"excerpt":{"rendered":"<p>Carolina Gait\u00e1n, Secretaria de Cultura de la localidad de San Vicente invita, este Jueves 13 de Junio, [&hellip;]<\/p>\n","protected":false},"author":3,"featured_media":0,"comment_status":"closed","ping_status":"closed","sticky":false,"template":"","format":"standard","meta":{"_jetpack_memberships_contains_paid_content":false,"footnotes":"","jetpack_publicize_message":"","jetpack_publicize_feature_enabled":true,"jetpack_social_post_already_shared":false,"jetpack_social_options":{"image_generator_settings":{"template":"highway","enabled":false}}},"categories":[5],"tags":[],"jetpack_publicize_connections":[],"jetpack_featured_media_url":"","jetpack_sharing_enabled":true,"_links":{"self":[{"href":"http:\/\/enteculturalsantafesino.com.ar\/usina2\/wp-json\/wp\/v2\/posts\/10423"}],"collection":[{"href":"http:\/\/enteculturalsantafesino.com.ar\/usina2\/wp-json\/wp\/v2\/posts"}],"about":[{"href":"http:\/\/enteculturalsantafesino.com.ar\/usina2\/wp-json\/wp\/v2\/types\/post"}],"author":[{"embeddable":true,"href":"http:\/\/enteculturalsantafesino.com.ar\/usina2\/wp-json\/wp\/v2\/users\/3"}],"replies":[{"embeddable":true,"href":"http:\/\/enteculturalsantafesino.com.ar\/usina2\/wp-json\/wp\/v2\/comments?post=10423"}],"version-history":[{"count":0,"href":"http:\/\/enteculturalsantafesino.com.ar\/usina2\/wp-json\/wp\/v2\/posts\/10423\/revisions"}],"wp:attachment":[{"href":"http:\/\/enteculturalsantafesino.com.ar\/usina2\/wp-json\/wp\/v2\/media?parent=10423"}],"wp:term":[{"taxonomy":"category","embeddable":true,"href":"http:\/\/enteculturalsantafesino.com.ar\/usina2\/wp-json\/wp\/v2\/categories?post=10423"},{"taxonomy":"post_tag","embeddable":true,"href":"http:\/\/enteculturalsantafesino.com.ar\/usina2\/wp-json\/wp\/v2\/tags?post=10423"}],"curies":[{"name":"wp","href":"https:\/\/api.w.org\/{rel}","templated":true}]}}