{"id":10430,"date":"2013-06-12T17:15:26","date_gmt":"2013-06-12T17:15:26","guid":{"rendered":"http:\/\/entecultura.com.ar\/usina2\/?p=10430"},"modified":"2013-06-12T17:15:26","modified_gmt":"2013-06-12T17:15:26","slug":"moises-ville-taller-de-acrobacia-aerea-sobre-tela","status":"publish","type":"post","link":"http:\/\/enteculturalsantafesino.com.ar\/usina2\/2013\/06\/moises-ville-taller-de-acrobacia-aerea-sobre-tela\/","title":{"rendered":"Moises Ville: Taller de acrobacia a\u00e9rea sobre tela."},"content":{"rendered":"<p><a href=\"http:\/\/enteculturalsantafesino.com.ar\/usina2\/wp-content\/uploads\/2013\/06\/8442_4891292374438_1534861246_n.jpg\" rel=\"lightbox[10430]\"><img loading=\"lazy\" decoding=\"async\" class=\"size-medium wp-image-10431 alignright\" alt=\"8442_4891292374438_1534861246_n\" src=\"http:\/\/enteculturalsantafesino.com.ar\/usina2\/wp-content\/uploads\/2013\/06\/8442_4891292374438_1534861246_n-216x300.jpg\" width=\"216\" height=\"300\" \/><\/a>La Direcci\u00f3n de Cultura y Turismo de la Comuna de Mois\u00e9s Ville est\u00e1 a cargo del Taller de Acrobacia A\u00e9rea en Telas.<br \/>\nEn Mayo de 2012, la Comuna de Mois\u00e9s Ville lanz\u00f3 el Taller de Acrobacias A\u00e9reas en Telas, a cargo de Ail\u00edn Sarco, quien hace m\u00e1s de cuatro a\u00f1os practica la misma, y a\u00fan contin\u00faa en el aprendizaje constante en la ciudad de Rafaela.<\/p>\n<p>El taller es totalmente gratuito, y est\u00e1 dirigido a ni\u00f1os de entre 8 y 12 a\u00f1os. Resulta valioso el esfuerzo de la Comuna por llevarlo adelante en forma gratuita, teniendo en cuenta que se trata de una disciplina nueva que en gimnasios o centros culturales tiene un costo que ronda entre los $90 y $250 mensuales.<br \/>\nAcrobacia a\u00e9rea en telas, tambi\u00e9n llamada danza a\u00e9rea, es una modalidad de pr\u00e1ctica circense del grupo de los ejercicios a\u00e9reos, donde se realizan destrezas coreogr\u00e1ficas y acrob\u00e1ticas suspendidos en una tela. Es una actividad atrayente y que est\u00e1 en boga estos \u00faltimos tiempos. Sin embargo tiene\u00a0su origen en Oriente, en donde se utilizaba una cuerda que se denomina cuerda indiana para realizar meditaci\u00f3n en el yoga.<\/p>\n<p>Sus beneficios:<br \/>\nNo s\u00f3lo implica ejercicio f\u00edsico integral sino que tambi\u00e9n es una disciplina l\u00fadico- creativa, permite reconocer el cuerpo, aumenta la autoestima de las personas al avanzar en el aprendizaje de destrezas m\u00e1s complejas, mantiene y mejora la elongaci\u00f3n y permite tener un mejor control de la respiraci\u00f3n.<\/p>\n<p>Las clases y sus particularidades:<br \/>\nActualmente el taller cuenta con unas 30 alumnas que una vez por semana asisten con mucho entusiasmo.<br \/>\nLa clase tienen una duraci\u00f3n de 2 hs., son personalizadas en el sentido que se dictan en grupos de no m\u00e1s de 15 alumnos. Comienza con preparaci\u00f3n f\u00edsica y elongaci\u00f3n, previo a la actividad espec\u00edfica sobre las telas. Pero como particularidad de este taller comunal se combinan adem\u00e1s sencillos juegos teatrales y de expresi\u00f3n con el cuerpo, para mantener la atenci\u00f3n de los ni\u00f1os y, a su vez, permitir que reconozcan sus virtudes art\u00edsticas y se estimule su creatividad e imaginaci\u00f3n.<br \/>\nTodo ello se realiza con m\u00fasica de fondo. La m\u00fasica est\u00e1 especialmente seleccionada por la instructora del taller para hacer conocer a sus alumnas otra opci\u00f3n de m\u00fasica y canciones de las que habitualmente escuchan.<br \/>\nEs del g\u00e9nero folclore latinoamericano principalmente del estilo contempor\u00e1neo (que fusiona elementos \u00e9tnicos y folcl\u00f3ricos, como el grupo Tonolec). Ello produce, al mismo tiempo, que las alumnas aprendan letras y reconozcan melod\u00edas de nuestra tan preciada m\u00fasica latinoamericana. Canciones como \u201cTecho de paja\u201d o \u201cZamba para olvidar\u201d suenan al tiempo que se respira y se ejercita. Para los juegos teatrales se utiliza m\u00fasica contempor\u00e1nea instrumentalcon sonidos electr\u00f3nicos y tribales, y obras del grupo argentino Bajofondo y similares.<\/p>\n<p>Se invita a toda persona que se encuentre interesada en esta disciplina a acercarse al taller.<\/p>\n<p><a href=\"https:\/\/www.facebook.com\/photo.php?fbid=4891292374438&amp;set=gm.624527167557752&amp;type=1&amp;relevant_count=1&amp;ref=nf\"><br \/>\n<\/a><\/p>\n<p>&nbsp;<\/p>\n<p>&nbsp;<\/p>\n","protected":false},"excerpt":{"rendered":"<p>La Direcci\u00f3n de Cultura y Turismo de la Comuna de Mois\u00e9s Ville est\u00e1 a cargo del Taller [&hellip;]<\/p>\n","protected":false},"author":3,"featured_media":0,"comment_status":"closed","ping_status":"closed","sticky":false,"template":"","format":"standard","meta":{"_jetpack_memberships_contains_paid_content":false,"footnotes":"","jetpack_publicize_message":"","jetpack_publicize_feature_enabled":true,"jetpack_social_post_already_shared":false,"jetpack_social_options":{"image_generator_settings":{"template":"highway","enabled":false}}},"categories":[36],"tags":[],"jetpack_publicize_connections":[],"jetpack_featured_media_url":"","jetpack_sharing_enabled":true,"_links":{"self":[{"href":"http:\/\/enteculturalsantafesino.com.ar\/usina2\/wp-json\/wp\/v2\/posts\/10430"}],"collection":[{"href":"http:\/\/enteculturalsantafesino.com.ar\/usina2\/wp-json\/wp\/v2\/posts"}],"about":[{"href":"http:\/\/enteculturalsantafesino.com.ar\/usina2\/wp-json\/wp\/v2\/types\/post"}],"author":[{"embeddable":true,"href":"http:\/\/enteculturalsantafesino.com.ar\/usina2\/wp-json\/wp\/v2\/users\/3"}],"replies":[{"embeddable":true,"href":"http:\/\/enteculturalsantafesino.com.ar\/usina2\/wp-json\/wp\/v2\/comments?post=10430"}],"version-history":[{"count":0,"href":"http:\/\/enteculturalsantafesino.com.ar\/usina2\/wp-json\/wp\/v2\/posts\/10430\/revisions"}],"wp:attachment":[{"href":"http:\/\/enteculturalsantafesino.com.ar\/usina2\/wp-json\/wp\/v2\/media?parent=10430"}],"wp:term":[{"taxonomy":"category","embeddable":true,"href":"http:\/\/enteculturalsantafesino.com.ar\/usina2\/wp-json\/wp\/v2\/categories?post=10430"},{"taxonomy":"post_tag","embeddable":true,"href":"http:\/\/enteculturalsantafesino.com.ar\/usina2\/wp-json\/wp\/v2\/tags?post=10430"}],"curies":[{"name":"wp","href":"https:\/\/api.w.org\/{rel}","templated":true}]}}