{"id":10433,"date":"2013-06-13T01:58:02","date_gmt":"2013-06-13T01:58:02","guid":{"rendered":"http:\/\/entecultura.com.ar\/usina2\/?p=10433"},"modified":"2013-06-13T01:58:02","modified_gmt":"2013-06-13T01:58:02","slug":"esperanza-teatro-en-el-centro-cultural","status":"publish","type":"post","link":"http:\/\/enteculturalsantafesino.com.ar\/usina2\/2013\/06\/esperanza-teatro-en-el-centro-cultural\/","title":{"rendered":"Esperanza: Teatro en el Centro Cultural."},"content":{"rendered":"<p><a href=\"http:\/\/enteculturalsantafesino.com.ar\/usina2\/wp-content\/uploads\/2013\/06\/14662_2536.jpg\" rel=\"lightbox[10433]\"><img loading=\"lazy\" decoding=\"async\" class=\"size-medium wp-image-10434 alignright\" alt=\"14662_2536\" src=\"http:\/\/enteculturalsantafesino.com.ar\/usina2\/wp-content\/uploads\/2013\/06\/14662_2536-300x300.jpg\" width=\"300\" height=\"300\" srcset=\"http:\/\/enteculturalsantafesino.com.ar\/usina2\/wp-content\/uploads\/2013\/06\/14662_2536-300x300.jpg 300w, http:\/\/enteculturalsantafesino.com.ar\/usina2\/wp-content\/uploads\/2013\/06\/14662_2536-150x150.jpg 150w, http:\/\/enteculturalsantafesino.com.ar\/usina2\/wp-content\/uploads\/2013\/06\/14662_2536.jpg 600w\" sizes=\"(max-width: 300px) 100vw, 300px\" \/><\/a>La Municipalidad de Esperanza, a trav\u00e9s de la Secretar\u00eda de Cultura y Deportes, invita a la presentaci\u00f3n de la obra de teatro \u201c<strong>El mundo ha vivido equivocado<\/strong>\u201d, cuya puesta en escena se realizar\u00e1 el 18 de junio a las 16 hs, en la sala del Centro Cultural Municipal \u201cDante Alighieri\u201d. La autor\u00eda de la obra corresponde a Roberto Fontanarrosa y la Direcci\u00f3n a Ricardo Rodriguez Mir\u00f3.<\/p>\n<p>El argumento \u00a0se refiere a dos trasnochados solitarios, protagonizados por Pablo Picotto y Federico Simonetti, \u00a0quienes despliegan su imaginaci\u00f3n \u00a0buscando escapar de la rutina que los tiene arrinconados. Tropezando una y otra vez con la realidad, sus fantas\u00edas se deshacen a cada intento. Sin embargo encuentran la \u00a0salida, no sin antes llevarlo todo a un lugar m\u00e1s que absurdo en donde no queda muy claro si es el mundo o ellos quienes han vivido equivocados.<\/p>\n<p>Los principales destinatarios del evento cultural son los afiliados del PAMI, quienes podr\u00e1n retirar diariamente las entradas, en forma gratuita, munidos de sus respectivas credenciales, en la Secretar\u00eda de Cultura y Deportes, de 8 a 13 hs.<\/p>\n","protected":false},"excerpt":{"rendered":"<p>La Municipalidad de Esperanza, a trav\u00e9s de la Secretar\u00eda de Cultura y Deportes, invita a la presentaci\u00f3n [&hellip;]<\/p>\n","protected":false},"author":3,"featured_media":10434,"comment_status":"closed","ping_status":"closed","sticky":false,"template":"","format":"standard","meta":{"_jetpack_memberships_contains_paid_content":false,"footnotes":"","jetpack_publicize_message":"","jetpack_publicize_feature_enabled":true,"jetpack_social_post_already_shared":false,"jetpack_social_options":{"image_generator_settings":{"template":"highway","enabled":false}}},"categories":[33],"tags":[],"jetpack_publicize_connections":[],"jetpack_featured_media_url":"http:\/\/enteculturalsantafesino.com.ar\/usina2\/wp-content\/uploads\/2013\/06\/14662_2536.jpg","jetpack_sharing_enabled":true,"_links":{"self":[{"href":"http:\/\/enteculturalsantafesino.com.ar\/usina2\/wp-json\/wp\/v2\/posts\/10433"}],"collection":[{"href":"http:\/\/enteculturalsantafesino.com.ar\/usina2\/wp-json\/wp\/v2\/posts"}],"about":[{"href":"http:\/\/enteculturalsantafesino.com.ar\/usina2\/wp-json\/wp\/v2\/types\/post"}],"author":[{"embeddable":true,"href":"http:\/\/enteculturalsantafesino.com.ar\/usina2\/wp-json\/wp\/v2\/users\/3"}],"replies":[{"embeddable":true,"href":"http:\/\/enteculturalsantafesino.com.ar\/usina2\/wp-json\/wp\/v2\/comments?post=10433"}],"version-history":[{"count":0,"href":"http:\/\/enteculturalsantafesino.com.ar\/usina2\/wp-json\/wp\/v2\/posts\/10433\/revisions"}],"wp:featuredmedia":[{"embeddable":true,"href":"http:\/\/enteculturalsantafesino.com.ar\/usina2\/wp-json\/wp\/v2\/media\/10434"}],"wp:attachment":[{"href":"http:\/\/enteculturalsantafesino.com.ar\/usina2\/wp-json\/wp\/v2\/media?parent=10433"}],"wp:term":[{"taxonomy":"category","embeddable":true,"href":"http:\/\/enteculturalsantafesino.com.ar\/usina2\/wp-json\/wp\/v2\/categories?post=10433"},{"taxonomy":"post_tag","embeddable":true,"href":"http:\/\/enteculturalsantafesino.com.ar\/usina2\/wp-json\/wp\/v2\/tags?post=10433"}],"curies":[{"name":"wp","href":"https:\/\/api.w.org\/{rel}","templated":true}]}}