{"id":10437,"date":"2013-06-13T02:08:32","date_gmt":"2013-06-13T02:08:32","guid":{"rendered":"http:\/\/entecultura.com.ar\/usina2\/?p=10437"},"modified":"2013-06-13T02:08:32","modified_gmt":"2013-06-13T02:08:32","slug":"sastre-comienza-el-ciclo-musica-en-las-plazas-2","status":"publish","type":"post","link":"http:\/\/enteculturalsantafesino.com.ar\/usina2\/2013\/06\/sastre-comienza-el-ciclo-musica-en-las-plazas-2\/","title":{"rendered":"Sastre: Comienza el ciclo \u00bb M\u00fasica en las plazas\u00bb."},"content":{"rendered":"<p><a href=\"http:\/\/enteculturalsantafesino.com.ar\/usina2\/wp-content\/uploads\/2013\/06\/970180_613480225328698_1014330924_n.jpg\" rel=\"lightbox[10437]\"><img loading=\"lazy\" decoding=\"async\" class=\"size-medium wp-image-10441 alignright\" alt=\"970180_613480225328698_1014330924_n\" src=\"http:\/\/enteculturalsantafesino.com.ar\/usina2\/wp-content\/uploads\/2013\/06\/970180_613480225328698_1014330924_n-262x300.jpg\" width=\"262\" height=\"300\" \/><\/a>El liceo Municipal de la localidad de Sastre invita a toda la Comunidad a participar del Ciclo de \u00bb M\u00fasica en la plaza\u00bb el domingo 16, a partir de las 15.00 en la Plaza Independencia.<\/p>\n<p>Se contar\u00e1 con la participaci\u00f3n de la Banda de Iniciaci\u00f3n Musical, el taller de M\u00fasica Andina, taller de iniciaci\u00f3n musical junto a Murga \u00bb Puro Amor\u00bb y el cierre estar\u00e1 a cargo del Ballet de Folclore del Liceo Municipal.<\/p>\n<p>Este evento est\u00e1 auspiciado por el \u00c1rea de Cultura de la Municipalidad de Sastre-Ortiz.<\/p>\n","protected":false},"excerpt":{"rendered":"<p>El liceo Municipal de la localidad de Sastre invita a toda la Comunidad a participar del Ciclo [&hellip;]<\/p>\n","protected":false},"author":3,"featured_media":0,"comment_status":"closed","ping_status":"closed","sticky":false,"template":"","format":"standard","meta":{"_jetpack_memberships_contains_paid_content":false,"footnotes":"","jetpack_publicize_message":"","jetpack_publicize_feature_enabled":true,"jetpack_social_post_already_shared":false,"jetpack_social_options":{"image_generator_settings":{"template":"highway","enabled":false}}},"categories":[18],"tags":[],"jetpack_publicize_connections":[],"jetpack_featured_media_url":"","jetpack_sharing_enabled":true,"_links":{"self":[{"href":"http:\/\/enteculturalsantafesino.com.ar\/usina2\/wp-json\/wp\/v2\/posts\/10437"}],"collection":[{"href":"http:\/\/enteculturalsantafesino.com.ar\/usina2\/wp-json\/wp\/v2\/posts"}],"about":[{"href":"http:\/\/enteculturalsantafesino.com.ar\/usina2\/wp-json\/wp\/v2\/types\/post"}],"author":[{"embeddable":true,"href":"http:\/\/enteculturalsantafesino.com.ar\/usina2\/wp-json\/wp\/v2\/users\/3"}],"replies":[{"embeddable":true,"href":"http:\/\/enteculturalsantafesino.com.ar\/usina2\/wp-json\/wp\/v2\/comments?post=10437"}],"version-history":[{"count":0,"href":"http:\/\/enteculturalsantafesino.com.ar\/usina2\/wp-json\/wp\/v2\/posts\/10437\/revisions"}],"wp:attachment":[{"href":"http:\/\/enteculturalsantafesino.com.ar\/usina2\/wp-json\/wp\/v2\/media?parent=10437"}],"wp:term":[{"taxonomy":"category","embeddable":true,"href":"http:\/\/enteculturalsantafesino.com.ar\/usina2\/wp-json\/wp\/v2\/categories?post=10437"},{"taxonomy":"post_tag","embeddable":true,"href":"http:\/\/enteculturalsantafesino.com.ar\/usina2\/wp-json\/wp\/v2\/tags?post=10437"}],"curies":[{"name":"wp","href":"https:\/\/api.w.org\/{rel}","templated":true}]}}