{"id":10444,"date":"2013-06-13T13:09:50","date_gmt":"2013-06-13T13:09:50","guid":{"rendered":"http:\/\/entecultura.com.ar\/usina2\/?p=10444"},"modified":"2013-06-13T13:09:50","modified_gmt":"2013-06-13T13:09:50","slug":"ramona-recibio-la-muestra-de-derechos-humanos-ellos-quieren-contarnos","status":"publish","type":"post","link":"http:\/\/enteculturalsantafesino.com.ar\/usina2\/2013\/06\/ramona-recibio-la-muestra-de-derechos-humanos-ellos-quieren-contarnos\/","title":{"rendered":"Ramona recibi\u00f3 la Muestra de Derechos Humanos \u00abEllos quieren contarnos\u00bb"},"content":{"rendered":"<div>\n<div><em><strong>En la jornada del\u00a0Mi\u00e9rcoles 12 de junio, en la Escuela <a href=\"http:\/\/enteculturalsantafesino.com.ar\/usina2\/wp-content\/uploads\/2013\/06\/ramona-muestra-2.jpg\" rel=\"lightbox[10444]\"><img loading=\"lazy\" decoding=\"async\" class=\"size-medium wp-image-10446 alignright\" alt=\"ramona muestra 2\" src=\"http:\/\/enteculturalsantafesino.com.ar\/usina2\/wp-content\/uploads\/2013\/06\/ramona-muestra-2-300x225.jpg\" width=\"300\" height=\"225\" \/><\/a><\/strong><\/em><\/div>\n<div><em><strong>Secundaria N\u00b0 3023, se realiz\u00f3 la Muestra \u00abEllos quieren\u00a0\u00a0 contarnos\u00bb. Gran cantidad de p\u00fablico, alumnos del establecimiento educativo disfrutaron de esta propuesta cultural. Organizada por Comuna de Ramona\u00a0junto al \u00a0Ente de Cultura.<\/strong><\/em><\/div>\n<\/div>\n<div><\/div>\n<div>Las piezas gr\u00e1ficas, en forma de pancartas, est\u00e1n compuestas por fotograf\u00edas de los detenidos-desaparecidos, fragmentos de poemas, cartas y fotos \u00a0de sus familias, entre otros materiales a exhibir y tiene como objetivo estimular a los j\u00f3venes a participar y construir sus propias im\u00e1genes y pensamientos , a trav\u00e9s de lo que \u00a0ilustran las historias de vida de algunos de los 30.000 detenidos-desaparecidos por la \u00faltima Dictadura militar de nuestro pa\u00eds.<\/div>\n<div>\u00a0<a href=\"http:\/\/enteculturalsantafesino.com.ar\/usina2\/wp-content\/uploads\/2013\/06\/ramona-muestra-1.jpg\" rel=\"lightbox[10444]\"><img loading=\"lazy\" decoding=\"async\" class=\"size-medium wp-image-10445 alignright\" alt=\"ramona muestra 1\" src=\"http:\/\/enteculturalsantafesino.com.ar\/usina2\/wp-content\/uploads\/2013\/06\/ramona-muestra-1-300x225.jpg\" width=\"300\" height=\"225\" \/><\/a><\/div>\n<div>El <strong>Programa de Derechos Humanos de la Subsecretar\u00eda de Pol\u00edticas Socioculturales<\/strong>, tiene como objetivo promover en la sociedad la reflexi\u00f3n sobre las consecuencias que trajeron aparejadas el terrorismo de Estado y otros momentos significativos de la historia argentina, as\u00ed como el an\u00e1lisis del estado actual de los derechos humanos. Se incluyen temas como la violencia familiar, embarazo adolescente, drogadicci\u00f3n, trabajo esclavo, abuso de autoridad y las problem\u00e1ticas que afectan actualmente a la sociedad. Para que la misma no pierda su potencial de desarrollo es necesario que la ciudadan\u00eda conozca sus derechos para que no se instalen pr\u00e1cticas de desigualdad y discriminaci\u00f3n.<\/div>\n<div><\/div>\n<div>Esta Muestra que llega a trav\u00e9s de la\u00a0<strong><em>Secretaria de Cultura de la Naci\u00f3n y la Diputada Nacional Claudia Giaccone<\/em><\/strong>\u00a0 ya esta propuesta itinerante, federal, educativa e hist\u00f3rica lleg\u00f3 a la comunidad de Esperanza (Las Colonias)\u00a0en donde permanecer\u00e1 hasta el d\u00eda 18 de junio.<\/div>\n<div><\/div>\n<div>Este pr\u00f3ximo <strong>viernes 14 a las 2o:30hs en el Centro Cultural Municipal Dante Alighieri- Sarmiento 2551-<a href=\"http:\/\/enteculturalsantafesino.com.ar\/usina2\/wp-content\/uploads\/2013\/06\/nair-amuedo.jpg\" rel=\"lightbox[10444]\"><img loading=\"lazy\" decoding=\"async\" class=\"size-medium wp-image-10447 alignright\" alt=\"nair amuedo\" src=\"http:\/\/enteculturalsantafesino.com.ar\/usina2\/wp-content\/uploads\/2013\/06\/nair-amuedo-300x71.jpg\" width=\"300\" height=\"71\" \/><\/a>Esperanza,<\/strong>\u00a0\u00a0se desarrollar\u00e1 el Acto de Clausura de este recorrido por comunidades de nuestra provincia con la presencia de <b><i>Nair Amuedo- Madre de Plaza de Mayo L\u00ednea Fundadora<\/i><\/b>, junto a la <b><i>Sra. Fabiana Almeida, coordinadora de Derechos Humanos de la Subsecretar\u00eda de Pol\u00edticas Socioculturales <\/i><\/b>y el <b><i>Director Nacional de Derechos Culturales y Diversidad de la Secretar\u00eda de Cultura de la Naci\u00f3n, Lic. Federico Escribal.<\/i><\/b><\/div>\n","protected":false},"excerpt":{"rendered":"<p>En la jornada del\u00a0Mi\u00e9rcoles 12 de junio, en la Escuela Secundaria N\u00b0 3023, se realiz\u00f3 la Muestra [&hellip;]<\/p>\n","protected":false},"author":3,"featured_media":0,"comment_status":"closed","ping_status":"closed","sticky":false,"template":"","format":"standard","meta":{"_jetpack_memberships_contains_paid_content":false,"footnotes":"","jetpack_publicize_message":"","jetpack_publicize_feature_enabled":true,"jetpack_social_post_already_shared":false,"jetpack_social_options":{"image_generator_settings":{"template":"highway","enabled":false}}},"categories":[31],"tags":[],"jetpack_publicize_connections":[],"jetpack_featured_media_url":"","jetpack_sharing_enabled":true,"_links":{"self":[{"href":"http:\/\/enteculturalsantafesino.com.ar\/usina2\/wp-json\/wp\/v2\/posts\/10444"}],"collection":[{"href":"http:\/\/enteculturalsantafesino.com.ar\/usina2\/wp-json\/wp\/v2\/posts"}],"about":[{"href":"http:\/\/enteculturalsantafesino.com.ar\/usina2\/wp-json\/wp\/v2\/types\/post"}],"author":[{"embeddable":true,"href":"http:\/\/enteculturalsantafesino.com.ar\/usina2\/wp-json\/wp\/v2\/users\/3"}],"replies":[{"embeddable":true,"href":"http:\/\/enteculturalsantafesino.com.ar\/usina2\/wp-json\/wp\/v2\/comments?post=10444"}],"version-history":[{"count":0,"href":"http:\/\/enteculturalsantafesino.com.ar\/usina2\/wp-json\/wp\/v2\/posts\/10444\/revisions"}],"wp:attachment":[{"href":"http:\/\/enteculturalsantafesino.com.ar\/usina2\/wp-json\/wp\/v2\/media?parent=10444"}],"wp:term":[{"taxonomy":"category","embeddable":true,"href":"http:\/\/enteculturalsantafesino.com.ar\/usina2\/wp-json\/wp\/v2\/categories?post=10444"},{"taxonomy":"post_tag","embeddable":true,"href":"http:\/\/enteculturalsantafesino.com.ar\/usina2\/wp-json\/wp\/v2\/tags?post=10444"}],"curies":[{"name":"wp","href":"https:\/\/api.w.org\/{rel}","templated":true}]}}