{"id":10451,"date":"2013-06-13T17:45:02","date_gmt":"2013-06-13T17:45:02","guid":{"rendered":"http:\/\/entecultura.com.ar\/usina2\/?p=10451"},"modified":"2013-06-13T17:45:02","modified_gmt":"2013-06-13T17:45:02","slug":"sunchales-dia-del-escritor","status":"publish","type":"post","link":"http:\/\/enteculturalsantafesino.com.ar\/usina2\/2013\/06\/sunchales-dia-del-escritor\/","title":{"rendered":"Sunchales: \u00abD\u00eda del escritor\u00bb"},"content":{"rendered":"<p><a href=\"http:\/\/enteculturalsantafesino.com.ar\/usina2\/wp-content\/uploads\/2013\/06\/994772_588539634502055_1200954960_n.jpg\" rel=\"lightbox[10451]\"><img loading=\"lazy\" decoding=\"async\" class=\"size-medium wp-image-10452 alignright\" alt=\"994772_588539634502055_1200954960_n\" src=\"http:\/\/enteculturalsantafesino.com.ar\/usina2\/wp-content\/uploads\/2013\/06\/994772_588539634502055_1200954960_n-300x233.jpg\" width=\"300\" height=\"233\" \/><\/a>La Municipalidad de Sunchales desde la Subsecretar\u00eda de Educaci\u00f3n y Cultura le recuerda a la comunidad que hoy, 13 de junio, se celebra el D\u00eda del Escritor.<br \/>\nLa fecha no es casual y encuentra su explicaci\u00f3n en que un 13 de junio, pero de 1874, naci\u00f3 Leopoldo Lugones en Villa Mar\u00eda del R\u00edo Seco, en el coraz\u00f3n de la provincia mediterr\u00e1nea de C\u00f3rdoba. Entre muchas de las acciones y obras que emprendi\u00f3, fund\u00f3 la Sociedad Argentina de Escritores (SADE) que, luego del suicidio del poeta, estableci\u00f3 el d\u00eda de su natalicio como el D\u00eda del Escritor. Lugones no fue olvidado pero su tumultuoso y resonante paso terrenal es a\u00fan materia de controversia y pol\u00e9mica.<br \/>\nLugones pas\u00f3 sus primeros a\u00f1os en el campo. Sus vivencias y correr\u00edas infantiles all\u00ed dejar\u00edan una marca permanente en su vida adulta. A los 12 a\u00f1os fue enviado al tradicional colegio Nacional de Monserrat de la capital cordobesa. Por ese entonces, traz\u00f3 sus primeros versos y creci\u00f3 su afici\u00f3n por la lectura. A los 16 a\u00f1os, inici\u00f3 su carrera period\u00edstica en el peri\u00f3dico La Libertad. Por ese entonces, simpatizaba con las ideas anarquistas y, al poco tiempo, public\u00f3 sus primeras composiciones con el pseud\u00f3nimo de Gil Paz.<br \/>\nA los 20, se traslad\u00f3 a Buenos Aires e ingres\u00f3 en la redacci\u00f3n de El Tiempo. All\u00ed trab\u00f3 amistad con Rub\u00e9n Dar\u00edo, el poeta nicarag\u00fcense y m\u00e1ximo representante del modernismo latinoamericano. Lugones pasar\u00eda a la historia como el gran poeta modernista del R\u00edo de la Plata y en 1909, le dedicar\u00eda a Dar\u00edo su Lunario Sentimental. Afiliado al Partido Socialista, junto con Jos\u00e9 Ingenieros, fue la pluma irreverente en el peri\u00f3dico partidario, La Monta\u00f1a.<br \/>\nDesencantado con la pol\u00edtica argentina, insatisfecho por su tarea en una biograf\u00eda de Roca en la que no pod\u00eda avanzar y sacudido por una infidelidad, Leopoldo Lugones decide terminar con su vida en una isla del Delta, en 1938.<\/p>\n","protected":false},"excerpt":{"rendered":"<p>La Municipalidad de Sunchales desde la Subsecretar\u00eda de Educaci\u00f3n y Cultura le recuerda a la comunidad que [&hellip;]<\/p>\n","protected":false},"author":3,"featured_media":0,"comment_status":"closed","ping_status":"closed","sticky":false,"template":"","format":"standard","meta":{"_jetpack_memberships_contains_paid_content":false,"footnotes":"","jetpack_publicize_message":"","jetpack_publicize_feature_enabled":true,"jetpack_social_post_already_shared":false,"jetpack_social_options":{"image_generator_settings":{"template":"highway","enabled":false}}},"categories":[27],"tags":[],"jetpack_publicize_connections":[],"jetpack_featured_media_url":"","jetpack_sharing_enabled":true,"_links":{"self":[{"href":"http:\/\/enteculturalsantafesino.com.ar\/usina2\/wp-json\/wp\/v2\/posts\/10451"}],"collection":[{"href":"http:\/\/enteculturalsantafesino.com.ar\/usina2\/wp-json\/wp\/v2\/posts"}],"about":[{"href":"http:\/\/enteculturalsantafesino.com.ar\/usina2\/wp-json\/wp\/v2\/types\/post"}],"author":[{"embeddable":true,"href":"http:\/\/enteculturalsantafesino.com.ar\/usina2\/wp-json\/wp\/v2\/users\/3"}],"replies":[{"embeddable":true,"href":"http:\/\/enteculturalsantafesino.com.ar\/usina2\/wp-json\/wp\/v2\/comments?post=10451"}],"version-history":[{"count":0,"href":"http:\/\/enteculturalsantafesino.com.ar\/usina2\/wp-json\/wp\/v2\/posts\/10451\/revisions"}],"wp:attachment":[{"href":"http:\/\/enteculturalsantafesino.com.ar\/usina2\/wp-json\/wp\/v2\/media?parent=10451"}],"wp:term":[{"taxonomy":"category","embeddable":true,"href":"http:\/\/enteculturalsantafesino.com.ar\/usina2\/wp-json\/wp\/v2\/categories?post=10451"},{"taxonomy":"post_tag","embeddable":true,"href":"http:\/\/enteculturalsantafesino.com.ar\/usina2\/wp-json\/wp\/v2\/tags?post=10451"}],"curies":[{"name":"wp","href":"https:\/\/api.w.org\/{rel}","templated":true}]}}