{"id":10578,"date":"2013-06-25T23:26:18","date_gmt":"2013-06-25T23:26:18","guid":{"rendered":"http:\/\/entecultura.com.ar\/usina2\/?p=10578"},"modified":"2013-06-25T23:26:18","modified_gmt":"2013-06-25T23:26:18","slug":"festejos-por-el-dia-de-la-bandera-en-maria-juana","status":"publish","type":"post","link":"http:\/\/enteculturalsantafesino.com.ar\/usina2\/2013\/06\/festejos-por-el-dia-de-la-bandera-en-maria-juana\/","title":{"rendered":"Festejos por el D\u00eda de la Bandera en Mar\u00eda Juana"},"content":{"rendered":"<p>El pasado 20 de junio Mar\u00eda Juana festejo el d\u00eda de la Bandera.<a href=\"http:\/\/enteculturalsantafesino.com.ar\/usina2\/wp-content\/uploads\/2013\/06\/1017087_10200122517371494_309770667_n.jpg\" rel=\"lightbox[10578]\"><img loading=\"lazy\" decoding=\"async\" class=\"size-medium wp-image-10579 alignright\" alt=\"1017087_10200122517371494_309770667_n\" src=\"http:\/\/enteculturalsantafesino.com.ar\/usina2\/wp-content\/uploads\/2013\/06\/1017087_10200122517371494_309770667_n-300x225.jpg\" width=\"300\" height=\"225\" \/><\/a><br \/>\nLa jornada comenz\u00f3 a las 10:30 hs con un Paseo Criollo con mas de 40 jinetes de la localidad y de localidades vecinas organizado por el grupo de cultura equina \u00abUn Espacio para Todos\u00bb.<br \/>\nA este paseo se sumaron las banderas de ceremonia de bomberos voluntarios y de las entidades educativas de la localidad m\u00e1s los alumnos de 4\u00ba grado quienes prometieron lealtad a nuestro emblema nacional pasadas las 11 hs en el anfiteatro de la Plaza P\u00fablica que conto con un marco de mas de 700 personas, las cuales emocionadas entonaron el Himno Nacional guiados por la incomparable voz del Prof. Fernando Banegas quien emocion\u00f3 a todos los presentes con su interpretacion.<br \/>\nPor la tarde siguieron los festejos en la plaza con el taller de tango y el taller de danzas folcloricas para cerrar con la presencia del grupo folclorico \u00abLos del Horizonte\u00bb.<\/p>\n","protected":false},"excerpt":{"rendered":"<p>El pasado 20 de junio Mar\u00eda Juana festejo el d\u00eda de la Bandera. La jornada comenz\u00f3 a [&hellip;]<\/p>\n","protected":false},"author":3,"featured_media":0,"comment_status":"closed","ping_status":"closed","sticky":false,"template":"","format":"standard","meta":{"_jetpack_memberships_contains_paid_content":false,"footnotes":"","jetpack_publicize_message":"","jetpack_publicize_feature_enabled":true,"jetpack_social_post_already_shared":false,"jetpack_social_options":{"image_generator_settings":{"template":"highway","enabled":false}}},"categories":[15],"tags":[],"jetpack_publicize_connections":[],"jetpack_featured_media_url":"","jetpack_sharing_enabled":true,"_links":{"self":[{"href":"http:\/\/enteculturalsantafesino.com.ar\/usina2\/wp-json\/wp\/v2\/posts\/10578"}],"collection":[{"href":"http:\/\/enteculturalsantafesino.com.ar\/usina2\/wp-json\/wp\/v2\/posts"}],"about":[{"href":"http:\/\/enteculturalsantafesino.com.ar\/usina2\/wp-json\/wp\/v2\/types\/post"}],"author":[{"embeddable":true,"href":"http:\/\/enteculturalsantafesino.com.ar\/usina2\/wp-json\/wp\/v2\/users\/3"}],"replies":[{"embeddable":true,"href":"http:\/\/enteculturalsantafesino.com.ar\/usina2\/wp-json\/wp\/v2\/comments?post=10578"}],"version-history":[{"count":0,"href":"http:\/\/enteculturalsantafesino.com.ar\/usina2\/wp-json\/wp\/v2\/posts\/10578\/revisions"}],"wp:attachment":[{"href":"http:\/\/enteculturalsantafesino.com.ar\/usina2\/wp-json\/wp\/v2\/media?parent=10578"}],"wp:term":[{"taxonomy":"category","embeddable":true,"href":"http:\/\/enteculturalsantafesino.com.ar\/usina2\/wp-json\/wp\/v2\/categories?post=10578"},{"taxonomy":"post_tag","embeddable":true,"href":"http:\/\/enteculturalsantafesino.com.ar\/usina2\/wp-json\/wp\/v2\/tags?post=10578"}],"curies":[{"name":"wp","href":"https:\/\/api.w.org\/{rel}","templated":true}]}}