{"id":10582,"date":"2013-06-26T18:03:47","date_gmt":"2013-06-26T18:03:47","guid":{"rendered":"http:\/\/entecultura.com.ar\/usina2\/?p=10582"},"modified":"2013-06-26T18:03:47","modified_gmt":"2013-06-26T18:03:47","slug":"sunchales-clinica-de-musica-a-cargo-de-victor-pellegrini","status":"publish","type":"post","link":"http:\/\/enteculturalsantafesino.com.ar\/usina2\/2013\/06\/sunchales-clinica-de-musica-a-cargo-de-victor-pellegrini\/","title":{"rendered":"Sunchales: \u00abCl\u00ednica de Musica\u00bb a cargo de V\u00edctor Pellegrini"},"content":{"rendered":"<p><a href=\"http:\/\/enteculturalsantafesino.com.ar\/usina2\/wp-content\/uploads\/2013\/06\/1044245_596552350367450_1216644278_n.jpg\" rel=\"lightbox[10582]\"><img loading=\"lazy\" decoding=\"async\" class=\"size-medium wp-image-10583 alignright\" alt=\"1044245_596552350367450_1216644278_n\" src=\"http:\/\/enteculturalsantafesino.com.ar\/usina2\/wp-content\/uploads\/2013\/06\/1044245_596552350367450_1216644278_n-300x200.jpg\" width=\"300\" height=\"200\" \/><\/a>La Municipalidad de Sunchales desde la Subsecretar\u00eda de Educaci\u00f3n y Cultura invita a todos los interesados a la cl\u00ednica musical denominada \u201cM\u00fasica Latinoamericana\u2013Guitarra y Amigos\u201d, a cargo del internacionalmente reconocido y premiado concertista de guitarra, Profesor V\u00edctor Pellegrini.<\/p>\n<p>La jornada se llevar\u00e1 a cabo el d\u00eda viernes 5 de julio, a partir de la hora 17, en las instalaciones del Liceo Municipal, y est\u00e1 dirigida principalmente a profesores de M\u00fasica de la ciudad y la regi\u00f3n, como as\u00ed tambi\u00e9n a todos los m\u00fasicos que est\u00e9n interesados en compartir un evento de tan alto nivel profesional y acad\u00e9mico.<\/p>\n<p>En este sentido, es importante destacar que Pellegrini se desempe\u00f1a como profesor del Instituto Superior del Arte, en la Universidad de la Habana, Cuba.<\/p>\n<p>Adem\u00e1s, este evento ha sido declarado de inter\u00e9s municipal por parte del Intendente Municipal, Ezequiel Bolatti, y cuenta con el valioso acompa\u00f1amiento de la Asociaci\u00f3n Mutual Sancor Salud, en el a\u00f1o de su 40\u00ba aniversario.<\/p>\n<p>Durante la cl\u00ednica, el profesor desarrollar\u00e1 tem\u00e1ticas relacionadas a la t\u00e9cnica instrumental y a las experiencias de vida de un m\u00fasico de renombre internacional.<\/p>\n<p>Para una mejor organizaci\u00f3n, todos los interesados deber\u00e1n confirmar su presencia hasta el d\u00eda mi\u00e9rcoles 3 de julio inclusive, consignando cantidad de participantes, nombres y n\u00fameros de documento, en instalaciones del Liceo Municipal (calle Rotania esquina Bolivar), al tel\u00e9fono 03493-422706, o a los correos electr\u00f3nicos: secretarialiceo@sunchales.gov.ar &#8211; educacionycultura@sunchales.gov.ar.<\/p>\n<p>V\u00cdCTOR PELLEGRINI<\/p>\n<p>Naci\u00f3 en Rosario, Argentina, en el a\u00f1o 1958. Es un notable guitarrista y profesor que lleg\u00f3 a Cuba en 1982 y ese a\u00f1o gan\u00f3 el Primer Premio en el Concurso Internacional de Guitarra de La Habana, un certamen que legitimaba talentos y contribu\u00eda al intercambio con m\u00fasicos de todos los continentes.<\/p>\n<p>Adem\u00e1s de su pa\u00eds natal, tambi\u00e9n ha actuado en Espa\u00f1a, Inglaterra, Italia, Suiza, Brasil, Hungr\u00eda, El Salvador, M\u00e9xico y Estados Unidos.<\/p>\n<p>Tambi\u00e9n ha desarrollado una importante labor pedag\u00f3gica al desempe\u00f1arse como catedr\u00e1tico del Conservatorio de Las Rosas, en Morelia.<\/p>\n<p>Pellegrini es un virtuoso heredero de la fuerte tradici\u00f3n guitarr\u00edstica latinoamericana y uno de los int\u00e9rpretes contempor\u00e1neos de m\u00e1s depurada t\u00e9cnica.<\/p>\n<p>Discograf\u00eda:<\/p>\n<p>&#8211; CD V\u00edctor Pellegrini, Volumen 1.<\/p>\n<p>&#8211; CD Virtuoso.<\/p>\n<p>&#8211; CD Double Virtuoso.<\/p>\n<p>&#8211; CD Leo Brouwer Colection 2 Folk Song.<\/p>\n<p>&#8211; CD V\u00edctor Pellegrini Play Manuel Ponce.<\/p>\n<p>&#8211; CD Homo Ludens, Leo Brouwer.<\/p>\n","protected":false},"excerpt":{"rendered":"<p>La Municipalidad de Sunchales desde la Subsecretar\u00eda de Educaci\u00f3n y Cultura invita a todos los interesados a [&hellip;]<\/p>\n","protected":false},"author":3,"featured_media":0,"comment_status":"closed","ping_status":"closed","sticky":false,"template":"","format":"standard","meta":{"_jetpack_memberships_contains_paid_content":false,"footnotes":"","jetpack_publicize_message":"","jetpack_publicize_feature_enabled":true,"jetpack_social_post_already_shared":false,"jetpack_social_options":{"image_generator_settings":{"template":"highway","enabled":false}}},"categories":[27],"tags":[],"jetpack_publicize_connections":[],"jetpack_featured_media_url":"","jetpack_sharing_enabled":true,"_links":{"self":[{"href":"http:\/\/enteculturalsantafesino.com.ar\/usina2\/wp-json\/wp\/v2\/posts\/10582"}],"collection":[{"href":"http:\/\/enteculturalsantafesino.com.ar\/usina2\/wp-json\/wp\/v2\/posts"}],"about":[{"href":"http:\/\/enteculturalsantafesino.com.ar\/usina2\/wp-json\/wp\/v2\/types\/post"}],"author":[{"embeddable":true,"href":"http:\/\/enteculturalsantafesino.com.ar\/usina2\/wp-json\/wp\/v2\/users\/3"}],"replies":[{"embeddable":true,"href":"http:\/\/enteculturalsantafesino.com.ar\/usina2\/wp-json\/wp\/v2\/comments?post=10582"}],"version-history":[{"count":0,"href":"http:\/\/enteculturalsantafesino.com.ar\/usina2\/wp-json\/wp\/v2\/posts\/10582\/revisions"}],"wp:attachment":[{"href":"http:\/\/enteculturalsantafesino.com.ar\/usina2\/wp-json\/wp\/v2\/media?parent=10582"}],"wp:term":[{"taxonomy":"category","embeddable":true,"href":"http:\/\/enteculturalsantafesino.com.ar\/usina2\/wp-json\/wp\/v2\/categories?post=10582"},{"taxonomy":"post_tag","embeddable":true,"href":"http:\/\/enteculturalsantafesino.com.ar\/usina2\/wp-json\/wp\/v2\/tags?post=10582"}],"curies":[{"name":"wp","href":"https:\/\/api.w.org\/{rel}","templated":true}]}}