{"id":10587,"date":"2013-06-26T18:15:10","date_gmt":"2013-06-26T18:15:10","guid":{"rendered":"http:\/\/entecultura.com.ar\/usina2\/?p=10587"},"modified":"2013-06-26T18:15:10","modified_gmt":"2013-06-26T18:15:10","slug":"lehmann-celebro-a-lo-grande-sus-festejos-patronales","status":"publish","type":"post","link":"http:\/\/enteculturalsantafesino.com.ar\/usina2\/2013\/06\/lehmann-celebro-a-lo-grande-sus-festejos-patronales\/","title":{"rendered":"Lehmann celebr\u00f3 a lo grande sus Festejos Patronales."},"content":{"rendered":"<p><a href=\"http:\/\/enteculturalsantafesino.com.ar\/usina2\/wp-content\/uploads\/2013\/06\/998659_546414278738673_2042393651_n.jpg\" rel=\"lightbox[10587]\"><img loading=\"lazy\" decoding=\"async\" class=\"size-medium wp-image-10589 alignright\" alt=\"998659_546414278738673_2042393651_n\" src=\"http:\/\/enteculturalsantafesino.com.ar\/usina2\/wp-content\/uploads\/2013\/06\/998659_546414278738673_2042393651_n-225x300.jpg\" width=\"225\" height=\"300\" \/><\/a>A lo largo de todo el d\u00eda de ayer la vecina localidad de Lehmann tuvo sus Festejos Patronales en honor a San Guillermo.<\/p>\n<div>Todo comenz\u00f3 desde temprano, aproximadamente a las 7:45, cuando se tiraron bombas para festejar el aniversario. Luego, a las 10 se realiz\u00f3 la Misa y Procesi\u00f3n de San Guillermo; y al finalizar, aproximadamente a las 11, tuvo lugar la re-inauguraci\u00f3n del Monumento a la Madre, restauraci\u00f3n realizada por la artista sunchalense Nadia Defagot.<\/div>\n<div>Adem\u00e1s, se le entreg\u00f3 un presente al personaje destacado del pueblo elegido por la comunidad bajo la organizaci\u00f3n de la Comisi\u00f3n de Cultura. En esta oportunidad, el afortunado fue Hugo Oliva, un trabajador, ejemplo de persona por su perseverancia y \u00a0su simpat\u00eda constante adem\u00e1s de su tremendo esfuerzo. Logr\u00f3 tal distinci\u00f3n gracias al voto de 60 personas.<\/div>\n<div>A partir de las 14, en la Plaza San Mart\u00edn, se dio inicio a todas las actividades y exposiciones en los distintos stands, de los cuales participaron las instituciones de la localidad, algunos comercios lehmenses y vendedores independientes de la regi\u00f3n.<\/div>\n<div><a href=\"http:\/\/enteculturalsantafesino.com.ar\/usina2\/wp-content\/uploads\/2013\/06\/1011436_546416168738484_760123877_n.jpg\" rel=\"lightbox[10587]\"><img loading=\"lazy\" decoding=\"async\" class=\"size-medium wp-image-10590 alignright\" alt=\"1011436_546416168738484_760123877_n\" src=\"http:\/\/enteculturalsantafesino.com.ar\/usina2\/wp-content\/uploads\/2013\/06\/1011436_546416168738484_760123877_n-300x225.jpg\" width=\"300\" height=\"225\" \/><\/a>Tambi\u00e9n hab\u00eda para los m\u00e1s peque\u00f1os juegos diversos, castillos inflables, paseos en trencitos y carritos.<\/div>\n<div>La Comisi\u00f3n de Cultura tambi\u00e9n ten\u00eda su stand, donde organizaron una b\u00fasqueda del tesoro que consist\u00eda en responder preguntas acerca de Lehmann y hab\u00eda premios para los tres primeros puestos. Sumado a esto, prepararon un concurso donde la gente deb\u00eda adivinar cu\u00e1ntos caramelos hab\u00eda en \u00e9l y el n\u00famero m\u00e1s aproximado, gan\u00f3 Juan Senn de Aldao.<\/div>\n<div>Artistas locales tocaron un poco de su m\u00fasica: Germ\u00e1n Fr\u00edas, Laureano Cort\u00e9s y El\u00edas Fabbro, alumnos del taller de guitarra de la Comisi\u00f3n de Cultura. A ellos se sumaron Tr\u00e9molo Rock Argentino, de San Crist\u00f3bal, grupo de rock integrado por Mauricio, Beto, Mariano y Checho.<\/div>\n<div><a href=\"http:\/\/enteculturalsantafesino.com.ar\/usina2\/wp-content\/uploads\/2013\/06\/1011900_546417518738349_936854275_n.jpg\" rel=\"lightbox[10587]\"><img loading=\"lazy\" decoding=\"async\" class=\"size-medium wp-image-10591 alignright\" alt=\"1011900_546417518738349_936854275_n\" src=\"http:\/\/enteculturalsantafesino.com.ar\/usina2\/wp-content\/uploads\/2013\/06\/1011900_546417518738349_936854275_n-225x300.jpg\" width=\"225\" height=\"300\" \/><\/a>Y en el rubro folcklore participaron los artistas rafaelinos Lucas Mar\u00edn (voz y guitarra) y Marcelo Gorosito (bombo). Posteriormente, ya cerca de las 18, se realiz\u00f3 la entrega de golosinas a todos los ni\u00f1os dando por finalizadas las actividades, que cientos de personas disfrutaron debido al espl\u00e9ndido d\u00eda que les toc\u00f3 y de la buena predisposici\u00f3n que caracteriza a la gente de la vecina localidad.<\/div>\n","protected":false},"excerpt":{"rendered":"<p>A lo largo de todo el d\u00eda de ayer la vecina localidad de Lehmann tuvo sus Festejos [&hellip;]<\/p>\n","protected":false},"author":3,"featured_media":0,"comment_status":"closed","ping_status":"closed","sticky":false,"template":"","format":"standard","meta":{"_jetpack_memberships_contains_paid_content":false,"footnotes":"","jetpack_publicize_message":"","jetpack_publicize_feature_enabled":true,"jetpack_social_post_already_shared":false,"jetpack_social_options":{"image_generator_settings":{"template":"highway","enabled":false}}},"categories":[2],"tags":[],"jetpack_publicize_connections":[],"jetpack_featured_media_url":"","jetpack_sharing_enabled":true,"_links":{"self":[{"href":"http:\/\/enteculturalsantafesino.com.ar\/usina2\/wp-json\/wp\/v2\/posts\/10587"}],"collection":[{"href":"http:\/\/enteculturalsantafesino.com.ar\/usina2\/wp-json\/wp\/v2\/posts"}],"about":[{"href":"http:\/\/enteculturalsantafesino.com.ar\/usina2\/wp-json\/wp\/v2\/types\/post"}],"author":[{"embeddable":true,"href":"http:\/\/enteculturalsantafesino.com.ar\/usina2\/wp-json\/wp\/v2\/users\/3"}],"replies":[{"embeddable":true,"href":"http:\/\/enteculturalsantafesino.com.ar\/usina2\/wp-json\/wp\/v2\/comments?post=10587"}],"version-history":[{"count":0,"href":"http:\/\/enteculturalsantafesino.com.ar\/usina2\/wp-json\/wp\/v2\/posts\/10587\/revisions"}],"wp:attachment":[{"href":"http:\/\/enteculturalsantafesino.com.ar\/usina2\/wp-json\/wp\/v2\/media?parent=10587"}],"wp:term":[{"taxonomy":"category","embeddable":true,"href":"http:\/\/enteculturalsantafesino.com.ar\/usina2\/wp-json\/wp\/v2\/categories?post=10587"},{"taxonomy":"post_tag","embeddable":true,"href":"http:\/\/enteculturalsantafesino.com.ar\/usina2\/wp-json\/wp\/v2\/tags?post=10587"}],"curies":[{"name":"wp","href":"https:\/\/api.w.org\/{rel}","templated":true}]}}