{"id":10663,"date":"2013-07-05T18:30:03","date_gmt":"2013-07-05T18:30:03","guid":{"rendered":"http:\/\/entecultura.com.ar\/usina2\/?p=10663"},"modified":"2013-07-05T18:30:03","modified_gmt":"2013-07-05T18:30:03","slug":"lehmann-la-biblioteca-reinaudi-se-suba-al-programa-reciclado-de-papel","status":"publish","type":"post","link":"http:\/\/enteculturalsantafesino.com.ar\/usina2\/2013\/07\/lehmann-la-biblioteca-reinaudi-se-suba-al-programa-reciclado-de-papel\/","title":{"rendered":"Lehmann: La biblioteca Reinaudi se suba al programa \u00abReciclado de papel\u00bb."},"content":{"rendered":"<p><a href=\"http:\/\/enteculturalsantafesino.com.ar\/usina2\/wp-content\/uploads\/2013\/07\/descarga.jpg\" rel=\"lightbox[10663]\"><img loading=\"lazy\" decoding=\"async\" class=\"size-full wp-image-10664 alignright\" alt=\"descarga\" src=\"http:\/\/enteculturalsantafesino.com.ar\/usina2\/wp-content\/uploads\/2013\/07\/descarga.jpg\" width=\"189\" height=\"267\" \/><\/a>Bajo el lema \u201cel papel no es basura y puede ayudar a los ni\u00f1os del hospital\u201d, la Fundaci\u00f3n Garrahan desde 1999\u00a0 lleva adelante el programa \u201cRECICLADO DE PAPEL\u201d\u00a0 siendo \u00e9sta una de las principales actividades de la Fundaci\u00f3n. La Biblioteca Popular Hector M. Reinaudi invita a la localidad de Lehmann a sumarse a esta loable cruzada. Para esto, distribuy\u00f3 en todo el pueblo afiches con la informaci\u00f3n necesaria y el destino de lo recaudado. Adem\u00e1s, se encargar\u00e1n de la log\u00edstica de recepci\u00f3n y traslado.<\/p>\n<p><strong>Los objetivos del programa son: <\/strong><strong>obtener recursos econ\u00f3micos para apoyar el desarrollo integral del Hospital Garran, contribuir a la protecci\u00f3n del medio ambiente y estructurar un proyecto solidario donde la sociedad civil participe como protagonista fundamental.<\/strong><\/p>\n<p><b>QU\u00c9\u00a0PAPELES\u00a0SI<\/b><\/p>\n<p>Papel\u00a0blanco\u00a0o de color,\u00a0sobres\u00a0de\u00a0todo\u00a0tipo\u00a0de\u00a0papel\u00a0(con o sin etiqueta o ventana de celof\u00e1n),\u00a0formularios\u00a0continuos, diarios, revistas,\u00a0carpetas\u00a0pl\u00e1sticas\u00a0o\u00a0 biblioratos\u00a0llenos de\u00a0papel\u00a0(vac\u00edos\u00a0no),\u00a0folletos,\u00a0gu\u00edas\u00a0telef\u00f3nicas,\u00a0papel copiativo\u00a0y de fax.<\/p>\n<p>Es de suma importancia que los papeles est\u00e9n limpios y, en lo posible, no abollados para evitar el gasto de bolsas innecesarias, haciendo, adem\u00e1s, que la log\u00edstica sea m\u00e1s econ\u00f3mica.<\/p>\n<p><b>QU\u00c9 PAPELES NO<\/b><\/p>\n<p>Servilletas,\u00a0pa\u00f1uelos\u00a0descartables,\u00a0planchas\u00a0de etiquetas, papel fotogr\u00e1fico, de golosinas, carb\u00f3nicos, plastificados, metalizados, envoltorio plastificado de resma, autoadhesivos.<strong><\/strong><\/p>\n<p><strong>Los centros de recolecci\u00f3n en el pueblo son: Samco, Escuela Orientada N\u00ba 564, Escuela Primaria N\u00ba 374, Jard\u00edn Nucleado \u201cJuan F. Basso\u201d, Correo, Comuna local y Biblioteca Popular \u201cHector M. Reinaudi\u201d.<\/strong><strong><\/strong><\/p>\n<p><strong>La Comisi\u00f3n<\/strong><strong> de esta \u00faltima instituci\u00f3n agradece la colaboraci\u00f3n de todos los lehmenses y los invita a seguir participando de las dem\u00e1s actividades.<\/strong><strong><\/strong><\/p>\n","protected":false},"excerpt":{"rendered":"<p>Bajo el lema \u201cel papel no es basura y puede ayudar a los ni\u00f1os del hospital\u201d, la [&hellip;]<\/p>\n","protected":false},"author":3,"featured_media":0,"comment_status":"closed","ping_status":"closed","sticky":false,"template":"","format":"standard","meta":{"_jetpack_memberships_contains_paid_content":false,"footnotes":"","jetpack_publicize_message":"","jetpack_publicize_feature_enabled":true,"jetpack_social_post_already_shared":false,"jetpack_social_options":{"image_generator_settings":{"template":"highway","enabled":false}}},"categories":[2],"tags":[],"jetpack_publicize_connections":[],"jetpack_featured_media_url":"","jetpack_sharing_enabled":true,"_links":{"self":[{"href":"http:\/\/enteculturalsantafesino.com.ar\/usina2\/wp-json\/wp\/v2\/posts\/10663"}],"collection":[{"href":"http:\/\/enteculturalsantafesino.com.ar\/usina2\/wp-json\/wp\/v2\/posts"}],"about":[{"href":"http:\/\/enteculturalsantafesino.com.ar\/usina2\/wp-json\/wp\/v2\/types\/post"}],"author":[{"embeddable":true,"href":"http:\/\/enteculturalsantafesino.com.ar\/usina2\/wp-json\/wp\/v2\/users\/3"}],"replies":[{"embeddable":true,"href":"http:\/\/enteculturalsantafesino.com.ar\/usina2\/wp-json\/wp\/v2\/comments?post=10663"}],"version-history":[{"count":0,"href":"http:\/\/enteculturalsantafesino.com.ar\/usina2\/wp-json\/wp\/v2\/posts\/10663\/revisions"}],"wp:attachment":[{"href":"http:\/\/enteculturalsantafesino.com.ar\/usina2\/wp-json\/wp\/v2\/media?parent=10663"}],"wp:term":[{"taxonomy":"category","embeddable":true,"href":"http:\/\/enteculturalsantafesino.com.ar\/usina2\/wp-json\/wp\/v2\/categories?post=10663"},{"taxonomy":"post_tag","embeddable":true,"href":"http:\/\/enteculturalsantafesino.com.ar\/usina2\/wp-json\/wp\/v2\/tags?post=10663"}],"curies":[{"name":"wp","href":"https:\/\/api.w.org\/{rel}","templated":true}]}}