{"id":10666,"date":"2013-07-05T18:41:20","date_gmt":"2013-07-05T18:41:20","guid":{"rendered":"http:\/\/entecultura.com.ar\/usina2\/?p=10666"},"modified":"2013-07-05T18:41:30","modified_gmt":"2013-07-05T18:41:30","slug":"damian-cordoba-en-sastre","status":"publish","type":"post","link":"http:\/\/enteculturalsantafesino.com.ar\/usina2\/2013\/07\/damian-cordoba-en-sastre\/","title":{"rendered":"Dami\u00e1n C\u00f3rdoba en Sastre."},"content":{"rendered":"<p><a href=\"http:\/\/enteculturalsantafesino.com.ar\/usina2\/wp-content\/uploads\/2013\/07\/1014403_623984704278250_625177879_n.jpg\" rel=\"lightbox[10666]\"><img loading=\"lazy\" decoding=\"async\" class=\"size-full wp-image-10667 alignright\" alt=\"1014403_623984704278250_625177879_n\" src=\"http:\/\/enteculturalsantafesino.com.ar\/usina2\/wp-content\/uploads\/2013\/07\/1014403_623984704278250_625177879_n.jpg\" width=\"274\" height=\"274\" \/><\/a>La Municipalidad de Sastre, a trav\u00e9s del \u00c1rea de Cultura invita a la comunidad a celebrar las fiestas patronales junto al Cantante Damian Cordoba.<\/p>\n<p>Se presentar\u00e1 en el parque del Liceo Municipal. Las entradas se ventar\u00e1n en puerta, el costo de las mismas ser\u00e1n de $30 ( desde las 22.00 a las 00.00 hs) y $50 a partir de las 00.00 hs. Habr\u00e1 SERVICIO DE BUFFET.<\/p>\n","protected":false},"excerpt":{"rendered":"<p>La Municipalidad de Sastre, a trav\u00e9s del \u00c1rea de Cultura invita a la comunidad a celebrar las [&hellip;]<\/p>\n","protected":false},"author":3,"featured_media":0,"comment_status":"closed","ping_status":"closed","sticky":false,"template":"","format":"standard","meta":{"_jetpack_memberships_contains_paid_content":false,"footnotes":"","jetpack_publicize_message":"","jetpack_publicize_feature_enabled":true,"jetpack_social_post_already_shared":false,"jetpack_social_options":{"image_generator_settings":{"template":"highway","enabled":false}}},"categories":[18],"tags":[],"jetpack_publicize_connections":[],"jetpack_featured_media_url":"","jetpack_sharing_enabled":true,"_links":{"self":[{"href":"http:\/\/enteculturalsantafesino.com.ar\/usina2\/wp-json\/wp\/v2\/posts\/10666"}],"collection":[{"href":"http:\/\/enteculturalsantafesino.com.ar\/usina2\/wp-json\/wp\/v2\/posts"}],"about":[{"href":"http:\/\/enteculturalsantafesino.com.ar\/usina2\/wp-json\/wp\/v2\/types\/post"}],"author":[{"embeddable":true,"href":"http:\/\/enteculturalsantafesino.com.ar\/usina2\/wp-json\/wp\/v2\/users\/3"}],"replies":[{"embeddable":true,"href":"http:\/\/enteculturalsantafesino.com.ar\/usina2\/wp-json\/wp\/v2\/comments?post=10666"}],"version-history":[{"count":0,"href":"http:\/\/enteculturalsantafesino.com.ar\/usina2\/wp-json\/wp\/v2\/posts\/10666\/revisions"}],"wp:attachment":[{"href":"http:\/\/enteculturalsantafesino.com.ar\/usina2\/wp-json\/wp\/v2\/media?parent=10666"}],"wp:term":[{"taxonomy":"category","embeddable":true,"href":"http:\/\/enteculturalsantafesino.com.ar\/usina2\/wp-json\/wp\/v2\/categories?post=10666"},{"taxonomy":"post_tag","embeddable":true,"href":"http:\/\/enteculturalsantafesino.com.ar\/usina2\/wp-json\/wp\/v2\/tags?post=10666"}],"curies":[{"name":"wp","href":"https:\/\/api.w.org\/{rel}","templated":true}]}}