{"id":10670,"date":"2013-07-07T19:43:18","date_gmt":"2013-07-07T19:43:18","guid":{"rendered":"http:\/\/entecultura.com.ar\/usina2\/?p=10670"},"modified":"2013-07-07T19:43:18","modified_gmt":"2013-07-07T19:43:18","slug":"seminario-de-simbolos-nacionales-llego-a-lehmann","status":"publish","type":"post","link":"http:\/\/enteculturalsantafesino.com.ar\/usina2\/2013\/07\/seminario-de-simbolos-nacionales-llego-a-lehmann\/","title":{"rendered":"Seminario de S\u00edmbolos Nacionales lleg\u00f3 a Lehmann."},"content":{"rendered":"<p><a href=\"http:\/\/enteculturalsantafesino.com.ar\/usina2\/wp-content\/uploads\/2013\/07\/998531_551111091602325_297893945_n.jpg\" rel=\"lightbox[10670]\"><img loading=\"lazy\" decoding=\"async\" class=\"size-medium wp-image-10671 alignright\" alt=\"998531_551111091602325_297893945_n\" src=\"http:\/\/enteculturalsantafesino.com.ar\/usina2\/wp-content\/uploads\/2013\/07\/998531_551111091602325_297893945_n-300x225.jpg\" width=\"300\" height=\"225\" \/><\/a>En la jornada del s\u00e1bado 6 , la Directora del CIEC (Centro Internacional de Emprendimientos y Capacitaci\u00f3n) Viviana Cardozo Arenales, dict\u00f3 el Seminario de S\u00edmbolos Nacionales y Organizaci\u00f3n de Actos Escolares e Institucionales en el Club Moreno, con una duraci\u00f3n de 15 hs. c\u00e1tedra.<\/p>\n<p>Este Seminario fue organizado por la Comisi\u00f3n de Cultura de Lehmann, y cont\u00f3 con la asistencia de 40 personas de diferentes localidades, como Sunchales, Arruf\u00f3, Mois\u00e9s Ville, Ramona, San Crist\u00f3bal, Vila, Rafaela, Huanqueros, Santo Tom\u00e9, Sauce Viejo, Colonia Raquel y Lehmann.\u00a0 La propuesta fue cabalmente comprendida por las asistentes, en su mayor\u00eda docentes, a las que se unieron tambi\u00e9n referentes culturales de las distintas comunas presentes.<\/p>\n<p>El clima c\u00e1lido y cordial de trabajo permiti\u00f3 que las horas transcurrieran \u00e1gilmente, ya que todo se concret\u00f3 desde una \u00f3ptica din\u00e1mica y con un criterio moderno y actualizado, apoyado permanentemente con im\u00e1genes referenciales. La instructora Cardozo Arenales brind\u00f3 las informaciones necesarias \u2013acompa\u00f1adas por material espec\u00edfico entregado a cada asistente- favoreciendo la formaci\u00f3n y la adquisici\u00f3n de t\u00e9cnicas espec\u00edficas para trabajar de manera efectiva en los diferentes \u00e1mbitos.<\/p>\n<div>\n<p>\u00a0\u00a0 La Comisi\u00f3n de Cultura agradece a todos los asistentes que con su presencia hicieron posible que nuestra intenci\u00f3n de \u201cformar y capacitar\u201d haya alcanzado con \u00e9xito el objetivo predeterminado.<\/p>\n<\/div>\n","protected":false},"excerpt":{"rendered":"<p>En la jornada del s\u00e1bado 6 , la Directora del CIEC (Centro Internacional de Emprendimientos y Capacitaci\u00f3n) [&hellip;]<\/p>\n","protected":false},"author":3,"featured_media":0,"comment_status":"closed","ping_status":"closed","sticky":false,"template":"","format":"standard","meta":{"_jetpack_memberships_contains_paid_content":false,"footnotes":"","jetpack_publicize_message":"","jetpack_publicize_feature_enabled":true,"jetpack_social_post_already_shared":false,"jetpack_social_options":{"image_generator_settings":{"template":"highway","enabled":false}}},"categories":[2],"tags":[],"jetpack_publicize_connections":[],"jetpack_featured_media_url":"","jetpack_sharing_enabled":true,"_links":{"self":[{"href":"http:\/\/enteculturalsantafesino.com.ar\/usina2\/wp-json\/wp\/v2\/posts\/10670"}],"collection":[{"href":"http:\/\/enteculturalsantafesino.com.ar\/usina2\/wp-json\/wp\/v2\/posts"}],"about":[{"href":"http:\/\/enteculturalsantafesino.com.ar\/usina2\/wp-json\/wp\/v2\/types\/post"}],"author":[{"embeddable":true,"href":"http:\/\/enteculturalsantafesino.com.ar\/usina2\/wp-json\/wp\/v2\/users\/3"}],"replies":[{"embeddable":true,"href":"http:\/\/enteculturalsantafesino.com.ar\/usina2\/wp-json\/wp\/v2\/comments?post=10670"}],"version-history":[{"count":0,"href":"http:\/\/enteculturalsantafesino.com.ar\/usina2\/wp-json\/wp\/v2\/posts\/10670\/revisions"}],"wp:attachment":[{"href":"http:\/\/enteculturalsantafesino.com.ar\/usina2\/wp-json\/wp\/v2\/media?parent=10670"}],"wp:term":[{"taxonomy":"category","embeddable":true,"href":"http:\/\/enteculturalsantafesino.com.ar\/usina2\/wp-json\/wp\/v2\/categories?post=10670"},{"taxonomy":"post_tag","embeddable":true,"href":"http:\/\/enteculturalsantafesino.com.ar\/usina2\/wp-json\/wp\/v2\/tags?post=10670"}],"curies":[{"name":"wp","href":"https:\/\/api.w.org\/{rel}","templated":true}]}}