{"id":10673,"date":"2013-07-08T16:33:38","date_gmt":"2013-07-08T16:33:38","guid":{"rendered":"http:\/\/entecultura.com.ar\/usina2\/?p=10673"},"modified":"2013-07-08T16:33:38","modified_gmt":"2013-07-08T16:33:38","slug":"san-vicente-acto-conmemoracion-al-9-de-julio","status":"publish","type":"post","link":"http:\/\/enteculturalsantafesino.com.ar\/usina2\/2013\/07\/san-vicente-acto-conmemoracion-al-9-de-julio\/","title":{"rendered":"San Vicente: Acto conmemoraci\u00f3n al 9 de julio."},"content":{"rendered":"<p><a href=\"http:\/\/enteculturalsantafesino.com.ar\/usina2\/wp-content\/uploads\/2013\/07\/images.jpg\" rel=\"lightbox[10673]\"><img loading=\"lazy\" decoding=\"async\" class=\"size-full wp-image-10674 alignright\" alt=\"images\" src=\"http:\/\/enteculturalsantafesino.com.ar\/usina2\/wp-content\/uploads\/2013\/07\/images.jpg\" width=\"290\" height=\"174\" \/><\/a>La Secretar\u00eda de Cultura de la Comuna de San Vicente, invita a toda la localidad a participar del acto conmemoraci\u00f3n al 9 julio.<br \/>\nEl mismo se llevar\u00e1 a cabo el martes 9, a las 10:45hs. en el play\u00f3n sur de la plaza Hip\u00f3lito Irigoyen.<br \/>\nDesfiles, bailes t\u00edpicos y el tradicional almuerzo ser\u00e1n los componentes principales de dicha ma\u00f1ana.<br \/>\nEl evento esta organizado en conjunto con la escuela comunal de Danzas Folcl\u00f3ricas El Lucero, el centro Tradicionalista El Lucero y la secretaria de Cultura de la Comuna local.<br \/>\nSe espera a toda la comunidad para compartir, una de las fechas mas importantes de nuestro calendario nacional, enmarc\u00e1ndola en el 130 aniversario de nuestro pueblo.<\/p>\n","protected":false},"excerpt":{"rendered":"<p>La Secretar\u00eda de Cultura de la Comuna de San Vicente, invita a toda la localidad a participar [&hellip;]<\/p>\n","protected":false},"author":3,"featured_media":0,"comment_status":"closed","ping_status":"closed","sticky":false,"template":"","format":"standard","meta":{"_jetpack_memberships_contains_paid_content":false,"footnotes":"","jetpack_publicize_message":"","jetpack_publicize_feature_enabled":true,"jetpack_social_post_already_shared":false,"jetpack_social_options":{"image_generator_settings":{"template":"highway","enabled":false}}},"categories":[5],"tags":[],"jetpack_publicize_connections":[],"jetpack_featured_media_url":"","jetpack_sharing_enabled":true,"_links":{"self":[{"href":"http:\/\/enteculturalsantafesino.com.ar\/usina2\/wp-json\/wp\/v2\/posts\/10673"}],"collection":[{"href":"http:\/\/enteculturalsantafesino.com.ar\/usina2\/wp-json\/wp\/v2\/posts"}],"about":[{"href":"http:\/\/enteculturalsantafesino.com.ar\/usina2\/wp-json\/wp\/v2\/types\/post"}],"author":[{"embeddable":true,"href":"http:\/\/enteculturalsantafesino.com.ar\/usina2\/wp-json\/wp\/v2\/users\/3"}],"replies":[{"embeddable":true,"href":"http:\/\/enteculturalsantafesino.com.ar\/usina2\/wp-json\/wp\/v2\/comments?post=10673"}],"version-history":[{"count":0,"href":"http:\/\/enteculturalsantafesino.com.ar\/usina2\/wp-json\/wp\/v2\/posts\/10673\/revisions"}],"wp:attachment":[{"href":"http:\/\/enteculturalsantafesino.com.ar\/usina2\/wp-json\/wp\/v2\/media?parent=10673"}],"wp:term":[{"taxonomy":"category","embeddable":true,"href":"http:\/\/enteculturalsantafesino.com.ar\/usina2\/wp-json\/wp\/v2\/categories?post=10673"},{"taxonomy":"post_tag","embeddable":true,"href":"http:\/\/enteculturalsantafesino.com.ar\/usina2\/wp-json\/wp\/v2\/tags?post=10673"}],"curies":[{"name":"wp","href":"https:\/\/api.w.org\/{rel}","templated":true}]}}