{"id":10907,"date":"2013-07-27T21:23:52","date_gmt":"2013-07-27T21:23:52","guid":{"rendered":"http:\/\/entecultura.com.ar\/usina2\/?p=10907"},"modified":"2013-07-27T21:23:52","modified_gmt":"2013-07-27T21:23:52","slug":"sastre-gran-participacion-en-la-primera-jornada-de-los-debates-culturales-federales","status":"publish","type":"post","link":"http:\/\/enteculturalsantafesino.com.ar\/usina2\/2013\/07\/sastre-gran-participacion-en-la-primera-jornada-de-los-debates-culturales-federales\/","title":{"rendered":"Sastre: Gran participaci\u00f3n en la primera jornada de los \u00abDebates Culturales Federales\u00bb"},"content":{"rendered":"<p>El viernes 26, a las 16hs, se realiz\u00f3 en Sastre, Santa Fe,<a href=\"http:\/\/enteculturalsantafesino.com.ar\/usina2\/wp-content\/uploads\/2013\/07\/DSC08412.jpg\" rel=\"lightbox[10907]\"><img loading=\"lazy\" decoding=\"async\" class=\"size-medium wp-image-10913 alignright\" alt=\"DSC08412\" src=\"http:\/\/enteculturalsantafesino.com.ar\/usina2\/wp-content\/uploads\/2013\/07\/DSC08412-300x168.jpg\" width=\"300\" height=\"168\" \/><\/a><\/p>\n<p>la cuarta edici\u00f3n de los\u00a0<a href=\"http:\/\/www.cultura.gob.ar\/acciones\/debates-culturales-feedrales\/\">Debates Culturales Federales <\/a>que organiza la <em><strong>Secretar\u00eda de Cultura de la Presidencia de la Naci\u00f3n<\/strong><\/em>, a trav\u00e9s de la <strong>Direcci\u00f3n Nacional de Acci\u00f3n Federal,<\/strong> cuyo objetivo es promover n\u00facleos de reflexi\u00f3n e intercambio pol\u00edtico-cultural en todo el territorio nacional.<\/p>\n<p>Tomando como punto de partida una idea federal de la cultura, esta iniciativa propone incentivar a la participaci\u00f3n ciudadana y la multiplicidad de miradas que enriquecen el debate, instalando modos de pensar la realidad y proyectar \u00a0nuevas formas de encarar los desaf\u00edos a venir. Adem\u00e1s, paralelamente, el programa incluye distintas actividades art\u00edsticas.<a href=\"http:\/\/enteculturalsantafesino.com.ar\/usina2\/wp-content\/uploads\/2013\/07\/DSC08398.jpg\" rel=\"lightbox[10907]\"><img loading=\"lazy\" decoding=\"async\" class=\"size-medium wp-image-10911 alignright\" alt=\"DSC08398\" src=\"http:\/\/enteculturalsantafesino.com.ar\/usina2\/wp-content\/uploads\/2013\/07\/DSC08398-300x168.jpg\" width=\"300\" height=\"168\" \/><\/a><\/p>\n<p>Ese cuarto encuentro, realizado en la provincia de Santa Fe, abre una nueva instancia de di\u00e1logo en torno a la democratizaci\u00f3n de la cultura y la inclusi\u00f3n social, en un momento clave de la ampliaci\u00f3n de derechos culturales.<\/p>\n<p>En las instalaciones del <em><strong>Hotel Chacras del Sol- Sastre,<\/strong><\/em> gestores, referentes y distintos participantes de la cultura santafesina \u00a0llegaban desde diversos puntos geogr\u00e1ficos para participar , reflexionar y generar un espacio de interacci\u00f3n a trav\u00e9s de acciones culturales concretas.<\/p>\n<p>Las palabras de bienvenida de<strong>l Intendente Municipal Rosaldo Gardella<\/strong> dieron inicio a este nuevo encuentro <a href=\"http:\/\/enteculturalsantafesino.com.ar\/usina2\/wp-content\/uploads\/2013\/07\/DSC08412.jpg\" rel=\"lightbox[10907]\"><img loading=\"lazy\" decoding=\"async\" class=\"size-medium wp-image-10910 alignright\" style=\"color: #333333;\" alt=\"DSC08394\" src=\"http:\/\/enteculturalsantafesino.com.ar\/usina2\/wp-content\/uploads\/2013\/07\/DSC08394-300x168.jpg\" width=\"300\" height=\"168\" \/><\/a>pluralista, democr\u00e1tico y nacional, dando lugar a la exposici\u00f3n y desarrollo del destacado panel.<\/p>\n<p>La <strong>Diputada Nacional Lic. Claudia Giacone<\/strong> ofici\u00f3 de presentadora y expuso sobre la importancia del trabajo llevado a cabo por la Direcci\u00f3n Nacional de Acci\u00f3n Federal \u00a0de la Secretaria de Cultura.<\/p>\n<p><em>\u00bb Esto es el reflejo de un proyecto nacional que trabaja en forma permanente y constante \u00a0a lo largo y ancho de nuestro territorio. Un vez m\u00e1s queda evidenciado el objetivo primordial de multiplicar pensamientos y herramientas de participaci\u00f3n ciudadana\u00bb<\/em><\/p>\n<p><img loading=\"lazy\" decoding=\"async\" class=\"size-medium wp-image-10913 alignright\" alt=\"DSC08412\" src=\"http:\/\/enteculturalsantafesino.com.ar\/usina2\/wp-content\/uploads\/2013\/07\/DSC08412-300x168.jpg\" width=\"300\" height=\"168\" \/><\/p>\n<p><em>\u00abNuestro reconocimiento a la Directora de Acci\u00f3n Federal<\/em><\/p>\n<p><em>Dra. Mar\u00eda Elena Troncoso por\u00a0<em>permitir\u00a0que Santa Fe tenga su Debate Cultural ya que nos encontramos trabajando y acompa\u00f1ando en forma permanente y concreta esta fuerza que llega desde el interior denominada Ente Cultural\u00bb<\/em><\/em><\/p>\n<p><strong><br \/>\nLa Mesa cont\u00f3 con la presencia de:<\/strong><em><\/em><\/p>\n<p><strong>M\u00f3nica Lacarrieu<\/strong>, licenciada en Antropolog\u00eda (UBA).<\/p>\n<p><img loading=\"lazy\" decoding=\"async\" class=\"size-medium wp-image-10912 alignright\" alt=\"DSC08403\" src=\"http:\/\/enteculturalsantafesino.com.ar\/usina2\/wp-content\/uploads\/2013\/07\/DSC08403-300x168.jpg\" width=\"300\" height=\"168\" \/><strong>Mercedes Gonz\u00e1lez Bracco<\/strong>,\u00a0licenciada y profesora en Sociolog\u00eda (UBA) con especializaci\u00f3n en Gesti\u00f3n Cultural (USAM).<\/p>\n<p><strong>Prof. Alejandra Vismara<\/strong>, Directora de Cultura y Educaci\u00f3n de El<\/p>\n<p>Tr\u00e9bol y presidenta del Ente Cultural de Santa Fe,<\/p>\n<p>Finalizada las disertaciones y exposiciones de los prestigiosos y destacados panelistas se desarrollaron los debates \u00a0con\u00a0un nutrida y enriquecedora participaci\u00f3n de los presentes, permitiendo consolidar el camino hacia la federalizaci\u00f3n cultural.<\/p>\n<p>La jornada finaliz\u00f3 con el\u00a0<strong>Concierto\u00a0de la<a href=\"http:\/\/enteculturalsantafesino.com.ar\/usina2\/wp-content\/uploads\/2013\/07\/DSC08438.jpg\" rel=\"lightbox[10907]\"><img loading=\"lazy\" decoding=\"async\" class=\"size-medium wp-image-10914 alignright\" alt=\"DSC08438\" src=\"http:\/\/enteculturalsantafesino.com.ar\/usina2\/wp-content\/uploads\/2013\/07\/DSC08438-300x168.jpg\" width=\"300\" height=\"168\" \/><\/a><\/strong><\/p>\n<p><strong>Banda Municipal Atilio Bianchi<\/strong>, interpretando\u00a0un nutrido y exquisito repertorio que disfrutaron todos los presentes.<\/p>\n<p><strong><em>Los Debates Culturales Federales en Santa fe tendr\u00e1n su segunda jornada el d\u00eda viernes 2 a partir de las 16hs en la localidad de San Genaro (Usina I).<\/em><\/strong><\/p>\n<p><strong>Eje:<\/strong> \u201cCultura federal e inclusi\u00f3n social\u201d.<\/p>\n<p><strong>Mesa Debate<\/strong><br \/>\nPresentadora: Claudia Giaccone, Diputada nacional de FPV Santa Fe<img loading=\"lazy\" decoding=\"async\" class=\"size-medium wp-image-10917 alignright\" alt=\"1082044_634476976562356_276400414_n\" src=\"http:\/\/enteculturalsantafesino.com.ar\/usina2\/wp-content\/uploads\/2013\/07\/1082044_634476976562356_276400414_n1-300x168.jpg\" width=\"300\" height=\"168\" \/><\/p>\n<p>Panelistas: Romina Bianchini, licenciada y profesora en Sociolog\u00eda (UBA) con especializaci\u00f3n en Gesti\u00f3n Cultural (USAM); Luc\u00eda Dur\u00e1n, especialista en Gesti\u00f3n Cultural, Pol\u00edticas Culturales y Sociedad Civil y representantes del Club Atl\u00e9tico de San Jorge.<\/p>\n<p>Moderador: Mariano Villarruel- Secretar\u00eda de Cultura de Correa<\/p>\n<p>A las 20: Recital de Esteban Echaniz<\/p>\n","protected":false},"excerpt":{"rendered":"<p>El viernes 26, a las 16hs, se realiz\u00f3 en Sastre, Santa Fe, la cuarta edici\u00f3n de los\u00a0Debates [&hellip;]<\/p>\n","protected":false},"author":3,"featured_media":0,"comment_status":"closed","ping_status":"closed","sticky":false,"template":"","format":"standard","meta":{"_jetpack_memberships_contains_paid_content":false,"footnotes":"","jetpack_publicize_message":"","jetpack_publicize_feature_enabled":true,"jetpack_social_post_already_shared":false,"jetpack_social_options":{"image_generator_settings":{"template":"highway","enabled":false}}},"categories":[28,18],"tags":[],"jetpack_publicize_connections":[],"jetpack_featured_media_url":"","jetpack_sharing_enabled":true,"_links":{"self":[{"href":"http:\/\/enteculturalsantafesino.com.ar\/usina2\/wp-json\/wp\/v2\/posts\/10907"}],"collection":[{"href":"http:\/\/enteculturalsantafesino.com.ar\/usina2\/wp-json\/wp\/v2\/posts"}],"about":[{"href":"http:\/\/enteculturalsantafesino.com.ar\/usina2\/wp-json\/wp\/v2\/types\/post"}],"author":[{"embeddable":true,"href":"http:\/\/enteculturalsantafesino.com.ar\/usina2\/wp-json\/wp\/v2\/users\/3"}],"replies":[{"embeddable":true,"href":"http:\/\/enteculturalsantafesino.com.ar\/usina2\/wp-json\/wp\/v2\/comments?post=10907"}],"version-history":[{"count":0,"href":"http:\/\/enteculturalsantafesino.com.ar\/usina2\/wp-json\/wp\/v2\/posts\/10907\/revisions"}],"wp:attachment":[{"href":"http:\/\/enteculturalsantafesino.com.ar\/usina2\/wp-json\/wp\/v2\/media?parent=10907"}],"wp:term":[{"taxonomy":"category","embeddable":true,"href":"http:\/\/enteculturalsantafesino.com.ar\/usina2\/wp-json\/wp\/v2\/categories?post=10907"},{"taxonomy":"post_tag","embeddable":true,"href":"http:\/\/enteculturalsantafesino.com.ar\/usina2\/wp-json\/wp\/v2\/tags?post=10907"}],"curies":[{"name":"wp","href":"https:\/\/api.w.org\/{rel}","templated":true}]}}