{"id":10922,"date":"2013-07-29T05:14:59","date_gmt":"2013-07-29T05:14:59","guid":{"rendered":"http:\/\/entecultura.com.ar\/usina2\/?p=10922"},"modified":"2013-07-29T05:17:59","modified_gmt":"2013-07-29T05:17:59","slug":"valmo-record-venezuela-sigue-recorriendo-nuestras-localidades-santafesinas","status":"publish","type":"post","link":"http:\/\/enteculturalsantafesino.com.ar\/usina2\/2013\/07\/valmo-record-venezuela-sigue-recorriendo-nuestras-localidades-santafesinas\/","title":{"rendered":"Valmo Record-Venezuela sigue recorriendo nuestras localidades santafesinas"},"content":{"rendered":"<p>Los integrantes del grupo musical venezolano\u00a0<a href=\"http:\/\/enteculturalsantafesino.com.ar\/usina2\/wp-content\/uploads\/2013\/07\/580538_628776223812930_2046088115_n.jpg\" rel=\"lightbox[10922]\"><img loading=\"lazy\" decoding=\"async\" class=\"size-medium wp-image-10923 alignright\" alt=\"580538_628776223812930_2046088115_n\" src=\"http:\/\/enteculturalsantafesino.com.ar\/usina2\/wp-content\/uploads\/2013\/07\/580538_628776223812930_2046088115_n-300x225.jpg\" width=\"300\" height=\"225\" \/><\/a><\/p>\n<p><strong>ValmoRecord<\/strong>\u00a0siguen recorriendo nuestro territorio santafesino presentando su\u00a0<strong>Gira \u00abSe Baila As\u00ed\u00bb<\/strong>.<\/p>\n<p>A trav\u00e9s del Programa Cultural<a href=\"http:\/\/enteculturalsantafesino.com.ar\/usina1\/tag\/compartiendo-cultura\/\"> \u201cCompartiendo Cultura\u201d <\/a>el cual se desarrollar\u00e1 del <em>19 de julio al 10 de agosto<\/em>, las distintas comunidades que integran el Ente Cultural preparan distintos eventos en espacios p\u00fablicos y privados promoviendo esta nueva propuesta que llega desde Venezuela, permitiendo la interacci\u00f3n cultural entre pueblos latinoamericanos.<strong><\/strong><\/p>\n<p><em><strong>Mar\u00eda Juana- San Jorge<\/strong><\/em><\/p>\n<p><strong>Valmo Record<\/strong> lleg\u00f3 a la comunidad de <em>Mar\u00eda Juana- Depto Castellanos<\/em> durante la jornada del d\u00eda <em>24 al 26 de julio<\/em> present\u00e1ndose en distintos medios locales quienes recibieron al grupo venezolano difundiendo su trayectoria y trabajo dentro de esta gira en nuestro suelo.<\/p>\n<p>Durante la noche del viernes 26 el boliche New Danser Jr fue<a href=\"http:\/\/enteculturalsantafesino.com.ar\/usina2\/wp-content\/uploads\/2013\/07\/548870_628759080481311_106286261_n.jpg\" rel=\"lightbox[10922]\"><img loading=\"lazy\" decoding=\"async\" class=\"size-medium wp-image-10927 alignright\" alt=\"548870_628759080481311_106286261_n\" src=\"http:\/\/enteculturalsantafesino.com.ar\/usina2\/wp-content\/uploads\/2013\/07\/548870_628759080481311_106286261_n-300x225.jpg\" width=\"300\" height=\"225\" \/><\/a><\/p>\n<p>el lugar de encuentro para que todos los presentes disfruten del calor y la m\u00fasica de nuestros Hermanos venezolanos quienes revolucionaron la noche de Mar\u00eda Juana con su propuesta caliente y aut\u00e9ntica.<\/p>\n<p>La noche del s\u00e1bado 27, \u00a0<em>San Jorge- Depto. San Mart\u00edn<\/em> los recibi\u00f3 en las instalaciones de House logrando contagiar y disfrutar del ritmo caribe\u00f1o, para cerrar su visita con un show intimo en<em> Bartolom\u00e9 Pub\u00b4s<\/em>.<\/p>\n<p><em>\u201cSin lugar a dudas es un esfuerzo muy grande y una experiencia que se suma a otras propuestas internacionales, que podremos disfrutar desde lo humano y lo art\u00edstico. Debemos agradecer y destacar el trabajo fusionado entre lo p\u00fablico y privado, como as\u00ed tambi\u00e9n la colaboraci\u00f3n de muchas personas que desinteresadamente aportaron su coraz\u00f3n y tiempo para lograr esta gira, se\u00f1alo -Mariano Villarruel- Secretario de Cultura de Correa y Responsable de dicho Programa Cultural<\/em><\/p>\n<p><strong>Esperanza:<a href=\"http:\/\/enteculturalsantafesino.com.ar\/usina2\/wp-content\/uploads\/2013\/07\/martin.jpg\" rel=\"lightbox[10922]\"><img loading=\"lazy\" decoding=\"async\" class=\"size-medium wp-image-10924 alignright\" alt=\"martin\" src=\"http:\/\/enteculturalsantafesino.com.ar\/usina2\/wp-content\/uploads\/2013\/07\/martin-300x225.jpg\" width=\"300\" height=\"225\" \/><\/a><\/strong><\/p>\n<p>La Secretaria de Cultura y Deportes ya se encuentra difundiendo el programa de actividades que tendr\u00e1 a esta delegaci\u00f3n musical durante el 29 y 30 de julio, \u00a0present\u00e1ndose en el Centro Cultural Municipal Dante Alighieri para alumnos de Escuelas Secundarias y P\u00fablico en general.<\/p>\n<p>El Martes 30 a partir de las 10hs se har\u00e1n presentes en la Escuela Dorada (Zona Rural)<\/p>\n<p>La gira continuar\u00e1 por las siguientes localidades:\u00a0Carlos Pellegrini, El Tr\u00e9bol, Salto Grande, S.M. de las Escobas, Villa Elo\u00edsa Ca\u00f1ada de G\u00f3mez.<\/p>\n<p><em><strong>VALMORECORD:<\/strong><\/em><\/p>\n<p><em><strong><\/strong><\/em>Integrado por BIG MA\u00d1E (Joel Brice\u00f1o),TOTY (George Chourio),MR. KILL (Kilver Colmenares) y\u00a0DR. JACKSON (John Chourio), cuatro\u00a0\u00a0amigos de la infancia, de Caja Seca; Estado Zulia Venezuela, comenzaron con la m\u00fasica en el a\u00f1o 2008 influenciados por artistas nacionales e internacionales quienes los inspiraban a escribir sus propios temas reflejando experiencias vividas. Hoy en d\u00eda, Valmorecord se ha convertido en una de las agrupaciones m\u00e1s reconocidas del Estado Zulia, Venezuela.<\/p>\n<p>&nbsp;<\/p>\n","protected":false},"excerpt":{"rendered":"<p>Los integrantes del grupo musical venezolano\u00a0 ValmoRecord\u00a0siguen recorriendo nuestro territorio santafesino presentando su\u00a0Gira \u00abSe Baila As\u00ed\u00bb. A [&hellip;]<\/p>\n","protected":false},"author":3,"featured_media":0,"comment_status":"closed","ping_status":"closed","sticky":false,"template":"","format":"standard","meta":{"_jetpack_memberships_contains_paid_content":false,"footnotes":"","jetpack_publicize_message":"","jetpack_publicize_feature_enabled":true,"jetpack_social_post_already_shared":false,"jetpack_social_options":{"image_generator_settings":{"template":"highway","enabled":false}}},"categories":[33,28,15],"tags":[21,22],"jetpack_publicize_connections":[],"jetpack_featured_media_url":"","jetpack_sharing_enabled":true,"_links":{"self":[{"href":"http:\/\/enteculturalsantafesino.com.ar\/usina2\/wp-json\/wp\/v2\/posts\/10922"}],"collection":[{"href":"http:\/\/enteculturalsantafesino.com.ar\/usina2\/wp-json\/wp\/v2\/posts"}],"about":[{"href":"http:\/\/enteculturalsantafesino.com.ar\/usina2\/wp-json\/wp\/v2\/types\/post"}],"author":[{"embeddable":true,"href":"http:\/\/enteculturalsantafesino.com.ar\/usina2\/wp-json\/wp\/v2\/users\/3"}],"replies":[{"embeddable":true,"href":"http:\/\/enteculturalsantafesino.com.ar\/usina2\/wp-json\/wp\/v2\/comments?post=10922"}],"version-history":[{"count":0,"href":"http:\/\/enteculturalsantafesino.com.ar\/usina2\/wp-json\/wp\/v2\/posts\/10922\/revisions"}],"wp:attachment":[{"href":"http:\/\/enteculturalsantafesino.com.ar\/usina2\/wp-json\/wp\/v2\/media?parent=10922"}],"wp:term":[{"taxonomy":"category","embeddable":true,"href":"http:\/\/enteculturalsantafesino.com.ar\/usina2\/wp-json\/wp\/v2\/categories?post=10922"},{"taxonomy":"post_tag","embeddable":true,"href":"http:\/\/enteculturalsantafesino.com.ar\/usina2\/wp-json\/wp\/v2\/tags?post=10922"}],"curies":[{"name":"wp","href":"https:\/\/api.w.org\/{rel}","templated":true}]}}