{"id":10932,"date":"2013-07-29T13:19:40","date_gmt":"2013-07-29T13:19:40","guid":{"rendered":"http:\/\/entecultura.com.ar\/usina2\/?p=10932"},"modified":"2013-07-29T13:19:40","modified_gmt":"2013-07-29T13:19:40","slug":"lehmann-la-sala-de-informatica-ya-es-una-realidad","status":"publish","type":"post","link":"http:\/\/enteculturalsantafesino.com.ar\/usina2\/2013\/07\/lehmann-la-sala-de-informatica-ya-es-una-realidad\/","title":{"rendered":"Lehmann: La sala de inform\u00e1tica ya es una realidad."},"content":{"rendered":"<p><a href=\"http:\/\/enteculturalsantafesino.com.ar\/usina2\/wp-content\/uploads\/2013\/07\/DSC01884.jpg\" rel=\"lightbox[10932]\"><img loading=\"lazy\" decoding=\"async\" class=\"size-medium wp-image-10934 alignright\" alt=\"DSC01884\" src=\"http:\/\/enteculturalsantafesino.com.ar\/usina2\/wp-content\/uploads\/2013\/07\/DSC01884-300x225.jpg\" width=\"300\" height=\"225\" srcset=\"http:\/\/enteculturalsantafesino.com.ar\/usina2\/wp-content\/uploads\/2013\/07\/DSC01884-300x225.jpg 300w, http:\/\/enteculturalsantafesino.com.ar\/usina2\/wp-content\/uploads\/2013\/07\/DSC01884-1024x768.jpg 1024w, http:\/\/enteculturalsantafesino.com.ar\/usina2\/wp-content\/uploads\/2013\/07\/DSC01884.jpg 1200w\" sizes=\"(max-width: 300px) 100vw, 300px\" \/><\/a>En el mes de mayo pasado la Comisi\u00f3n de Cultura de Lehmann recibi\u00f3 un importante subsidio de parte del Ministerio de Innovaci\u00f3n y Cultura de la provincia, por el que el \u201cFondo Provincial de Ayuda Escolar-Asistencia Cultural\u201d otorgaba la suma de $ 25000.00 para la adquisici\u00f3n de computadoras, impresoras y estabilizadores que permitieran armar la Sala de Inform\u00e1tica.<\/p>\n<p>Pues bien, dicha sala es ya una realidad, dado que el s\u00e1bado 28 se present\u00f3 la misma ante las autoridades comunales y, desde la semana entrante pasar\u00e1 a ser un recinto concurrido por todos aquellos que cursan los talleres que ya se est\u00e1n dictando.<\/p>\n<div>\n<p>\u00a0 En los pr\u00f3ximos d\u00edas se remitir\u00e1 al Ministerio citado la carpeta en la que consta lo gestionado y realizado para que este proyecto llegue a buen t\u00e9rmino.<\/p>\n<p>La Comisi\u00f3n de Cultura agradece a todos los que acompa\u00f1an en este sendero de trabajo, que tiene como finalidad beneficiar culturalmente a la comunidad lehmense.<\/p>\n<\/div>\n","protected":false},"excerpt":{"rendered":"<p>En el mes de mayo pasado la Comisi\u00f3n de Cultura de Lehmann recibi\u00f3 un importante subsidio de [&hellip;]<\/p>\n","protected":false},"author":3,"featured_media":10933,"comment_status":"closed","ping_status":"closed","sticky":false,"template":"","format":"standard","meta":{"_jetpack_memberships_contains_paid_content":false,"footnotes":"","jetpack_publicize_message":"","jetpack_publicize_feature_enabled":true,"jetpack_social_post_already_shared":false,"jetpack_social_options":{"image_generator_settings":{"template":"highway","enabled":false}}},"categories":[2],"tags":[],"jetpack_publicize_connections":[],"jetpack_featured_media_url":"http:\/\/enteculturalsantafesino.com.ar\/usina2\/wp-content\/uploads\/2013\/07\/DSC01889.jpg","jetpack_sharing_enabled":true,"_links":{"self":[{"href":"http:\/\/enteculturalsantafesino.com.ar\/usina2\/wp-json\/wp\/v2\/posts\/10932"}],"collection":[{"href":"http:\/\/enteculturalsantafesino.com.ar\/usina2\/wp-json\/wp\/v2\/posts"}],"about":[{"href":"http:\/\/enteculturalsantafesino.com.ar\/usina2\/wp-json\/wp\/v2\/types\/post"}],"author":[{"embeddable":true,"href":"http:\/\/enteculturalsantafesino.com.ar\/usina2\/wp-json\/wp\/v2\/users\/3"}],"replies":[{"embeddable":true,"href":"http:\/\/enteculturalsantafesino.com.ar\/usina2\/wp-json\/wp\/v2\/comments?post=10932"}],"version-history":[{"count":0,"href":"http:\/\/enteculturalsantafesino.com.ar\/usina2\/wp-json\/wp\/v2\/posts\/10932\/revisions"}],"wp:featuredmedia":[{"embeddable":true,"href":"http:\/\/enteculturalsantafesino.com.ar\/usina2\/wp-json\/wp\/v2\/media\/10933"}],"wp:attachment":[{"href":"http:\/\/enteculturalsantafesino.com.ar\/usina2\/wp-json\/wp\/v2\/media?parent=10932"}],"wp:term":[{"taxonomy":"category","embeddable":true,"href":"http:\/\/enteculturalsantafesino.com.ar\/usina2\/wp-json\/wp\/v2\/categories?post=10932"},{"taxonomy":"post_tag","embeddable":true,"href":"http:\/\/enteculturalsantafesino.com.ar\/usina2\/wp-json\/wp\/v2\/tags?post=10932"}],"curies":[{"name":"wp","href":"https:\/\/api.w.org\/{rel}","templated":true}]}}