{"id":10991,"date":"2013-07-31T22:33:52","date_gmt":"2013-07-31T22:33:52","guid":{"rendered":"http:\/\/entecultura.com.ar\/usina2\/?p=10991"},"modified":"2013-07-31T22:33:52","modified_gmt":"2013-07-31T22:33:52","slug":"esperanza-la-municipalidad-compro-el-palacio-stoessel","status":"publish","type":"post","link":"http:\/\/enteculturalsantafesino.com.ar\/usina2\/2013\/07\/esperanza-la-municipalidad-compro-el-palacio-stoessel\/","title":{"rendered":"Esperanza: La Municipalidad compr\u00f3 el Palacio Stoessel."},"content":{"rendered":"<p><a href=\"http:\/\/enteculturalsantafesino.com.ar\/usina2\/wp-content\/uploads\/2013\/07\/14756_2813.jpg\" rel=\"lightbox[10991]\"><img loading=\"lazy\" decoding=\"async\" class=\"size-medium wp-image-10992 alignright\" alt=\"14756_2813\" src=\"http:\/\/enteculturalsantafesino.com.ar\/usina2\/wp-content\/uploads\/2013\/07\/14756_2813-300x225.jpg\" width=\"300\" height=\"225\" \/><\/a>El Departamento Ejecutivo Municipal encabezado por la intendente Ana Mar\u00eda Meiners, junto a la familia propietaria del Palacio Stoessel, con la presencia del Escribano Eduardo Cursack (h), procedieron a rubricar el boleto de compraventa del hist\u00f3rico inmueble, valuado en $1.280.000. De esta manera, el Estado municipal recupera para todos los esperancinos un notable patrimonio hist\u00f3rico, arquitect\u00f3nico y cultural, ubicado en la esquina c\u00e9ntrica de las calles Belgrano y Lehmann.<\/p>\n<p>La compra del inmueble -autorizada oportunamente por el Concejo Municipal de la ciudad utilizando como herramienta financiera para la operaci\u00f3n los Fondos de Obras Menores 2012- se concreta finalmente con recursos propios de Rentas Generales hasta tanto la provincia pueda enviar estos dineros adeudados, en el entendimiento que seguir dilatando la compra dilu\u00eda la efectiva posibilidad de compra del hist\u00f3rico edificio.<\/p>\n<div id=\"yui_3_7_2_1_1375279279317_8300\">A partir de esta compra, la Municipalidad de Esperanza -en breve- tomar\u00e1 la posesi\u00f3n consensuada con los -ahora- \u00a0expropietarios para poder realizar tres acciones inmediatas y simultaneas: a) mejorar el cerramiento completo del inmueble para dar mayor seguridad a transe\u00fantes, vecinos y veh\u00edculos, al mismo tiempo que restringir el acceso al predio por terceros. b) evitar mayores deterioros del patrimonio adquirido. c) y notificar a las \u00e1reas respectivas de otras jurisdicciones (Provincia, Naci\u00f3n) para formalizar las gestiones concretas y espec\u00edficas a los fines de la futura financiaci\u00f3n para la remodelaci\u00f3n y recuperaci\u00f3n del inmueble, ya que en la actualidad la hist\u00f3rica mansi\u00f3n se encuentra en avanzado estado de deterioro general.<\/p>\n<p>Fruto de la impronta del hist\u00f3rico gran desarrollo urbano de la ciudad se construy\u00f3 poco despu\u00e9s de 1885 el Palacio Stoessel, que se caracteriza por ser el \u00fanico, en Esperanza, que posee techo con mansarda de pizarras. Perteneci\u00f3 a Juan Stoessel y su familia, quien junto a Carlos Bosh fundaron el molino Angelita. El Sr. Stoessel \u00a0tambi\u00e9n particip\u00f3 en la Empresa de Colonizaci\u00f3n de Guillermo Lehmann, dedic\u00e1ndose a la venta de tierras a colonizar.<\/p>\n<p>Est\u00e1 ubicado en la esquina c\u00e9ntrica de las calles Belgrano y Lehmann. Conocido tambi\u00e9n como la casona \u201cde los Bertotti\u201d, fue construido en 1886 por Juan Stoessel, empresario asociado a Guillermo Lehmann y a Carlos Bosch, con quien fund\u00f3 el Molino Bosch Stoessel, luego denominado Molino Angelita. El solar, vendido al Banco de la Naci\u00f3n Argentina, fue sede del mismo hasta 1923. Subastado, fue adquirido en 1926 por Marcos Bertotti.<\/p>\n<p>En las dependencias de la planta baja, que dan sobre la esquina, instal\u00f3 su estudio fotogr\u00e1fico Fernando Paillet y en las dependencias familiares funcion\u00f3 el primer sanatorio en Esperanza. El estilo predominante es ecl\u00e9ctico. Se destacan su mansarda, techos de tejas francesas, columnas de m\u00e1rmol y detalles de herrer\u00eda artesanal. Fue uno de los primeros palacios y casas de estilo que se construyeron en la colonia, cuando alrededor s\u00f3lo se levantaban ranchos y viviendas precarias.<\/p><\/div>\n","protected":false},"excerpt":{"rendered":"<p>El Departamento Ejecutivo Municipal encabezado por la intendente Ana Mar\u00eda Meiners, junto a la familia propietaria del [&hellip;]<\/p>\n","protected":false},"author":3,"featured_media":0,"comment_status":"closed","ping_status":"closed","sticky":false,"template":"","format":"standard","meta":{"_jetpack_memberships_contains_paid_content":false,"footnotes":"","jetpack_publicize_message":"","jetpack_publicize_feature_enabled":true,"jetpack_social_post_already_shared":false,"jetpack_social_options":{"image_generator_settings":{"template":"highway","enabled":false}}},"categories":[33],"tags":[],"jetpack_publicize_connections":[],"jetpack_featured_media_url":"","jetpack_sharing_enabled":true,"_links":{"self":[{"href":"http:\/\/enteculturalsantafesino.com.ar\/usina2\/wp-json\/wp\/v2\/posts\/10991"}],"collection":[{"href":"http:\/\/enteculturalsantafesino.com.ar\/usina2\/wp-json\/wp\/v2\/posts"}],"about":[{"href":"http:\/\/enteculturalsantafesino.com.ar\/usina2\/wp-json\/wp\/v2\/types\/post"}],"author":[{"embeddable":true,"href":"http:\/\/enteculturalsantafesino.com.ar\/usina2\/wp-json\/wp\/v2\/users\/3"}],"replies":[{"embeddable":true,"href":"http:\/\/enteculturalsantafesino.com.ar\/usina2\/wp-json\/wp\/v2\/comments?post=10991"}],"version-history":[{"count":0,"href":"http:\/\/enteculturalsantafesino.com.ar\/usina2\/wp-json\/wp\/v2\/posts\/10991\/revisions"}],"wp:attachment":[{"href":"http:\/\/enteculturalsantafesino.com.ar\/usina2\/wp-json\/wp\/v2\/media?parent=10991"}],"wp:term":[{"taxonomy":"category","embeddable":true,"href":"http:\/\/enteculturalsantafesino.com.ar\/usina2\/wp-json\/wp\/v2\/categories?post=10991"},{"taxonomy":"post_tag","embeddable":true,"href":"http:\/\/enteculturalsantafesino.com.ar\/usina2\/wp-json\/wp\/v2\/tags?post=10991"}],"curies":[{"name":"wp","href":"https:\/\/api.w.org\/{rel}","templated":true}]}}