{"id":10994,"date":"2013-07-31T22:38:56","date_gmt":"2013-07-31T22:38:56","guid":{"rendered":"http:\/\/entecultura.com.ar\/usina2\/?p=10994"},"modified":"2013-07-31T22:38:56","modified_gmt":"2013-07-31T22:38:56","slug":"sunchales-festejos-por-el-dia-del-nino-lo-que-mas-queremos-es-verte-feliz","status":"publish","type":"post","link":"http:\/\/enteculturalsantafesino.com.ar\/usina2\/2013\/07\/sunchales-festejos-por-el-dia-del-nino-lo-que-mas-queremos-es-verte-feliz\/","title":{"rendered":"Sunchales: Festejos por el D\u00eda del Ni\u00f1o \u201cLo que m\u00e1s queremos, es verte feliz\u201d"},"content":{"rendered":"<p><a href=\"http:\/\/enteculturalsantafesino.com.ar\/usina2\/wp-content\/uploads\/2013\/07\/images-6.jpg\" rel=\"lightbox[10994]\"><img loading=\"lazy\" decoding=\"async\" class=\"size-full wp-image-10996 alignright\" alt=\"images (6)\" src=\"http:\/\/enteculturalsantafesino.com.ar\/usina2\/wp-content\/uploads\/2013\/07\/images-6.jpg\" width=\"223\" height=\"226\" \/><\/a>Luego de finalizar con total \u00e9xito las distintas jornadas recreativas en marco de la \u201cPrevia del D\u00eda del Ni\u00f1o\u201d, la Municipalidad\u00a0de Sunchales desde la Secretar\u00eda de Desarrollo Humano y Familia en conjunto con las comisiones vecinales de la ciudad, invita a toda la comunidad a participar de los festejos oficiales por el \u201cD\u00eda del Ni\u00f1o\u201d, a llevarse a cabo el pr\u00f3ximo domingo 4 de agosto, a partir de la hora 14.30, en Plaza Libertad.<\/p>\n<p>Durante la tarde, todos los peque\u00f1os podr\u00e1n disfrutar de castillos inflables, magos, actividades recreativas y f\u00edsicas, teatro infantil, meriendas, sorteos y muchas otras sorpresas m\u00e1s.<\/p>\n<p>Es importante destacar que en caso de mal tiempo, se trasladar\u00e1 todo al Sal\u00f3n N\u00ba 3 del Club Deportivo Libertad.<\/p>\n<p>\u00a1La propuesta es para toda la familia, as\u00ed como se los espera para compartir una tarde diferente junto a todos los ni\u00f1os!<\/p>\n","protected":false},"excerpt":{"rendered":"<p>Luego de finalizar con total \u00e9xito las distintas jornadas recreativas en marco de la \u201cPrevia del D\u00eda [&hellip;]<\/p>\n","protected":false},"author":3,"featured_media":0,"comment_status":"closed","ping_status":"closed","sticky":false,"template":"","format":"standard","meta":{"_jetpack_memberships_contains_paid_content":false,"footnotes":"","jetpack_publicize_message":"","jetpack_publicize_feature_enabled":true,"jetpack_social_post_already_shared":false,"jetpack_social_options":{"image_generator_settings":{"template":"highway","enabled":false}}},"categories":[27],"tags":[],"jetpack_publicize_connections":[],"jetpack_featured_media_url":"","jetpack_sharing_enabled":true,"_links":{"self":[{"href":"http:\/\/enteculturalsantafesino.com.ar\/usina2\/wp-json\/wp\/v2\/posts\/10994"}],"collection":[{"href":"http:\/\/enteculturalsantafesino.com.ar\/usina2\/wp-json\/wp\/v2\/posts"}],"about":[{"href":"http:\/\/enteculturalsantafesino.com.ar\/usina2\/wp-json\/wp\/v2\/types\/post"}],"author":[{"embeddable":true,"href":"http:\/\/enteculturalsantafesino.com.ar\/usina2\/wp-json\/wp\/v2\/users\/3"}],"replies":[{"embeddable":true,"href":"http:\/\/enteculturalsantafesino.com.ar\/usina2\/wp-json\/wp\/v2\/comments?post=10994"}],"version-history":[{"count":0,"href":"http:\/\/enteculturalsantafesino.com.ar\/usina2\/wp-json\/wp\/v2\/posts\/10994\/revisions"}],"wp:attachment":[{"href":"http:\/\/enteculturalsantafesino.com.ar\/usina2\/wp-json\/wp\/v2\/media?parent=10994"}],"wp:term":[{"taxonomy":"category","embeddable":true,"href":"http:\/\/enteculturalsantafesino.com.ar\/usina2\/wp-json\/wp\/v2\/categories?post=10994"},{"taxonomy":"post_tag","embeddable":true,"href":"http:\/\/enteculturalsantafesino.com.ar\/usina2\/wp-json\/wp\/v2\/tags?post=10994"}],"curies":[{"name":"wp","href":"https:\/\/api.w.org\/{rel}","templated":true}]}}