{"id":10999,"date":"2013-08-01T00:27:55","date_gmt":"2013-08-01T00:27:55","guid":{"rendered":"http:\/\/entecultura.com.ar\/usina2\/?p=10999"},"modified":"2013-08-01T18:36:57","modified_gmt":"2013-08-01T18:36:57","slug":"valmo-record-visito-la-ciudad-de-esperanza","status":"publish","type":"post","link":"http:\/\/enteculturalsantafesino.com.ar\/usina2\/2013\/08\/valmo-record-visito-la-ciudad-de-esperanza\/","title":{"rendered":"Valmo Record visit\u00f3 la ciudad de Esperanza"},"content":{"rendered":"<p>Continuando con la gira por nuestro pa\u00eds la <em>Agrupaci\u00f3n Valmo Record<a href=\"http:\/\/enteculturalsantafesino.com.ar\/usina2\/wp-content\/uploads\/2013\/08\/1003485_630004237023462_1890954785_n.jpg\" rel=\"lightbox[10999]\"><img loading=\"lazy\" decoding=\"async\" class=\"size-medium wp-image-11008 alignright\" alt=\"1003485_630004237023462_1890954785_n\" src=\"http:\/\/enteculturalsantafesino.com.ar\/usina2\/wp-content\/uploads\/2013\/08\/1003485_630004237023462_1890954785_n-300x225.jpg\" width=\"300\" height=\"225\" \/><\/a><\/em><\/p>\n<p>pas\u00f3 por <strong>Esperanza<\/strong> (Depto. Las Colonias) integrante de la Usina II.<\/p>\n<p>El programa<strong><em> \u00abCompartiendo Cultura\u00bb<\/em> <\/strong>constituye un desaf\u00edo m\u00e1s para el Ente Cultural que contin\u00faa avanzando desde sus Usinas Culturales &#8211; \u00a0con este proyecto de federalizaci\u00f3n e integraci\u00f3n cultural entre comunidades santafesinas-.<\/p>\n<p>La\u00a0<strong>Secretaria de Cultura y Deportes<\/strong>\u00a0llev\u00f3 a cabo una ardua tarea y programaci\u00f3n para difundir esta propuesta en distintos \u00e1mbitos educativos y culturales, como as\u00ed tambi\u00e9n en diversos medios de comunicaci\u00f3n locales y regionales.<\/p>\n<p>Durante la ma\u00f1ana del <strong>martes 30 e<\/strong>l grupo venezolano comparti\u00f3<a href=\"http:\/\/enteculturalsantafesino.com.ar\/usina2\/wp-content\/uploads\/2013\/08\/1001371_630005950356624_1232890135_n.jpg\" rel=\"lightbox[10999]\"><img loading=\"lazy\" decoding=\"async\" class=\"size-medium wp-image-11007 alignright\" alt=\"1001371_630005950356624_1232890135_n\" src=\"http:\/\/enteculturalsantafesino.com.ar\/usina2\/wp-content\/uploads\/2013\/08\/1001371_630005950356624_1232890135_n-300x225.jpg\" width=\"300\" height=\"225\" \/><\/a><\/p>\n<p>una experiencia muy enriquecedora exponiendo su m\u00fasica y recibiendo todo el afecto de la comunidad educativa de la <strong>Escuela Rural N\u00ba 2371<\/strong>\u00a0, quienes brindaron clases, explicaciones y t\u00e9cnicas de nuestras danzas folcl\u00f3ricas.<\/p>\n<p>A partir de las <strong>15h<\/strong>s en el\u00a0<strong>Centro Cultural Municipal \u201cDante Alighieri\u201d,<\/strong> Valmo Record, se present\u00f3 ante un auditorio colmado de alumnos de \u00a0distintos establecimientos educativos locales.<\/p>\n<p>La jornada cultural en la cabecera del Depto. Las Colonias, finaliz\u00f3 con una presentaci\u00f3n exclusiva en el <em><strong>Liceo Municipal Jos\u00e9 Pedroni<\/strong><\/em> para alumnos y docentes de la Instituci\u00f3n Educativa, en donde el \u00abcompartir cultura\u00bb entre pueblos hermanos qued\u00f3 expuesto a trav\u00e9s de las manifestaciones culturales vivas, aut\u00e9nticas y latinoamericanas.<a href=\"http:\/\/enteculturalsantafesino.com.ar\/usina2\/wp-content\/uploads\/2013\/08\/971207_268873049920438_979557636_n.jpg\" rel=\"lightbox[10999]\"><img loading=\"lazy\" decoding=\"async\" class=\"size-medium wp-image-11006 alignright\" alt=\"971207_268873049920438_979557636_n\" src=\"http:\/\/enteculturalsantafesino.com.ar\/usina2\/wp-content\/uploads\/2013\/08\/971207_268873049920438_979557636_n-300x225.jpg\" width=\"300\" height=\"225\" \/><\/a><\/p>\n<p><em><strong>El Ente Cultural agradece en forma muy especial a la Secretaria de Cultura y Deportes Sra. Adriana Robledo y todo su equipo de trabajo por su incansable aporte y desarrollo activo en beneficio a la integraci\u00f3n e interacci\u00f3n cultural!<\/strong><\/em><\/p>\n<p><em>\u00abSin lugar a dudas estos hechos promueven el accionar cultural y el aprendizaje entre comunidades santafesinas que proyectan desaf\u00edos constantes, con el objetivo\u00a0primordial\u00a0de seguir borrando fronteras\u00bb<\/em><\/p>\n<p><strong>Gracias Esperanza!<\/strong><\/p>\n<p>&nbsp;<\/p>\n","protected":false},"excerpt":{"rendered":"<p>Continuando con la gira por nuestro pa\u00eds la Agrupaci\u00f3n Valmo Record pas\u00f3 por Esperanza (Depto. Las Colonias) [&hellip;]<\/p>\n","protected":false},"author":3,"featured_media":0,"comment_status":"closed","ping_status":"closed","sticky":false,"template":"","format":"standard","meta":{"_jetpack_memberships_contains_paid_content":false,"footnotes":"","jetpack_publicize_message":"","jetpack_publicize_feature_enabled":true,"jetpack_social_post_already_shared":false,"jetpack_social_options":{"image_generator_settings":{"template":"highway","enabled":false}}},"categories":[33],"tags":[21,22],"jetpack_publicize_connections":[],"jetpack_featured_media_url":"","jetpack_sharing_enabled":true,"_links":{"self":[{"href":"http:\/\/enteculturalsantafesino.com.ar\/usina2\/wp-json\/wp\/v2\/posts\/10999"}],"collection":[{"href":"http:\/\/enteculturalsantafesino.com.ar\/usina2\/wp-json\/wp\/v2\/posts"}],"about":[{"href":"http:\/\/enteculturalsantafesino.com.ar\/usina2\/wp-json\/wp\/v2\/types\/post"}],"author":[{"embeddable":true,"href":"http:\/\/enteculturalsantafesino.com.ar\/usina2\/wp-json\/wp\/v2\/users\/3"}],"replies":[{"embeddable":true,"href":"http:\/\/enteculturalsantafesino.com.ar\/usina2\/wp-json\/wp\/v2\/comments?post=10999"}],"version-history":[{"count":0,"href":"http:\/\/enteculturalsantafesino.com.ar\/usina2\/wp-json\/wp\/v2\/posts\/10999\/revisions"}],"wp:attachment":[{"href":"http:\/\/enteculturalsantafesino.com.ar\/usina2\/wp-json\/wp\/v2\/media?parent=10999"}],"wp:term":[{"taxonomy":"category","embeddable":true,"href":"http:\/\/enteculturalsantafesino.com.ar\/usina2\/wp-json\/wp\/v2\/categories?post=10999"},{"taxonomy":"post_tag","embeddable":true,"href":"http:\/\/enteculturalsantafesino.com.ar\/usina2\/wp-json\/wp\/v2\/tags?post=10999"}],"curies":[{"name":"wp","href":"https:\/\/api.w.org\/{rel}","templated":true}]}}