{"id":11002,"date":"2013-07-31T23:16:45","date_gmt":"2013-07-31T23:16:45","guid":{"rendered":"http:\/\/entecultura.com.ar\/usina2\/?p=11002"},"modified":"2013-07-31T23:16:45","modified_gmt":"2013-07-31T23:16:45","slug":"lehmann-la-biblioteca-h-m-reinaudi-participo-de-la-reunion-del-nucleo-de-bibliotecas-populares-2","status":"publish","type":"post","link":"http:\/\/enteculturalsantafesino.com.ar\/usina2\/2013\/07\/lehmann-la-biblioteca-h-m-reinaudi-participo-de-la-reunion-del-nucleo-de-bibliotecas-populares-2\/","title":{"rendered":"Lehmann: La Biblioteca H. M. Reinaudi particip\u00f3 de la Reuni\u00f3n del N\u00facleo de Bibliotecas Populares."},"content":{"rendered":"<p><a href=\"http:\/\/enteculturalsantafesino.com.ar\/usina2\/wp-content\/uploads\/2013\/07\/8-1.jpg\" rel=\"lightbox[11002]\"><img loading=\"lazy\" decoding=\"async\" class=\"size-medium wp-image-10977 alignright\" alt=\"8 (1)\" src=\"http:\/\/enteculturalsantafesino.com.ar\/usina2\/wp-content\/uploads\/2013\/07\/8-1-300x225.jpg\" width=\"300\" height=\"225\" \/><\/a>El pasado s\u00e1bado 27 de Julio integrantes de la Comisi\u00f3n de la Biblioteca Popular \u201cH\u00e9ctor M. Reinaudi\u201d asistieron a la 57\u00ba Reuni\u00f3n Plenaria, del N\u00facleo de Bibliotecas Populares &#8211; zona centro noroeste- Santa Fe.<\/p>\n<p>La biblioteca \u201cH\u00e9ctor Reinaudi\u201d tuvo la oportunidad de regularizar su situaci\u00f3n frente a la entidad organizadora y as\u00ed contar con los beneficios y apoyo que \u00e9sta ofrece.<\/p>\n<p>Se encontraba presente el \u201cSub director de bibliotecas populares de la provincia\u201d quien hizo entrega de material de estudio sobre la historia Argentina y Santafesina a todas las bibliotecas presentes.<\/p>\n<p>En la reuni\u00f3n se trataron diversos temas de importancia para las bibliotecas populares, entre ellos cabe destacar la organizaci\u00f3n del viaje a \u201cTecn\u00f3polis\u201d a realizarse el pr\u00f3ximo 18 de septiembre, donde habr\u00e1 conferencias, talleres, mesas tem\u00e1ticas, etc. de gran importancia para la capacitaci\u00f3n de directivos y empleados de las bibliotecas. Para dicho viaje la biblioteca de esta localidad contar\u00e1 con el aporte de la Comuna local ya que a\u00fan no se encuentra incluida en la CONABIP, entidad que subsidia el viaje a quienes integran su n\u00f3mina.<\/p>\n<p>La actual Comisi\u00f3n de la Biblioteca Popular quiere informar a la comunidad, que a poco m\u00e1s de un mes de asumir, present\u00f3 la documentaci\u00f3n correspondiente para lograr la personer\u00eda jur\u00eddica. La misma se encuentra en tr\u00e1mite y es de vital importancia a los fines de incluir la biblioteca en los diferentes subsidios de la provincia y la naci\u00f3n, (CONABIP).<\/p>\n","protected":false},"excerpt":{"rendered":"<p>El pasado s\u00e1bado 27 de Julio integrantes de la Comisi\u00f3n de la Biblioteca Popular \u201cH\u00e9ctor M. Reinaudi\u201d [&hellip;]<\/p>\n","protected":false},"author":3,"featured_media":0,"comment_status":"closed","ping_status":"closed","sticky":false,"template":"","format":"standard","meta":{"_jetpack_memberships_contains_paid_content":false,"footnotes":"","jetpack_publicize_message":"","jetpack_publicize_feature_enabled":true,"jetpack_social_post_already_shared":false,"jetpack_social_options":{"image_generator_settings":{"template":"highway","enabled":false}}},"categories":[2],"tags":[],"jetpack_publicize_connections":[],"jetpack_featured_media_url":"","jetpack_sharing_enabled":true,"_links":{"self":[{"href":"http:\/\/enteculturalsantafesino.com.ar\/usina2\/wp-json\/wp\/v2\/posts\/11002"}],"collection":[{"href":"http:\/\/enteculturalsantafesino.com.ar\/usina2\/wp-json\/wp\/v2\/posts"}],"about":[{"href":"http:\/\/enteculturalsantafesino.com.ar\/usina2\/wp-json\/wp\/v2\/types\/post"}],"author":[{"embeddable":true,"href":"http:\/\/enteculturalsantafesino.com.ar\/usina2\/wp-json\/wp\/v2\/users\/3"}],"replies":[{"embeddable":true,"href":"http:\/\/enteculturalsantafesino.com.ar\/usina2\/wp-json\/wp\/v2\/comments?post=11002"}],"version-history":[{"count":0,"href":"http:\/\/enteculturalsantafesino.com.ar\/usina2\/wp-json\/wp\/v2\/posts\/11002\/revisions"}],"wp:attachment":[{"href":"http:\/\/enteculturalsantafesino.com.ar\/usina2\/wp-json\/wp\/v2\/media?parent=11002"}],"wp:term":[{"taxonomy":"category","embeddable":true,"href":"http:\/\/enteculturalsantafesino.com.ar\/usina2\/wp-json\/wp\/v2\/categories?post=11002"},{"taxonomy":"post_tag","embeddable":true,"href":"http:\/\/enteculturalsantafesino.com.ar\/usina2\/wp-json\/wp\/v2\/tags?post=11002"}],"curies":[{"name":"wp","href":"https:\/\/api.w.org\/{rel}","templated":true}]}}