{"id":11011,"date":"2013-08-01T18:33:32","date_gmt":"2013-08-01T18:33:32","guid":{"rendered":"http:\/\/entecultura.com.ar\/usina2\/?p=11011"},"modified":"2013-08-01T18:33:32","modified_gmt":"2013-08-01T18:33:32","slug":"este-viernes-vuelve-ambito-c","status":"publish","type":"post","link":"http:\/\/enteculturalsantafesino.com.ar\/usina2\/2013\/08\/este-viernes-vuelve-ambito-c\/","title":{"rendered":"Este Viernes vuelve \u00ab\u00c1mbito C\u00bb !"},"content":{"rendered":"<p>Este viernes 2 de agosto comienza el Ciclo 2013 del programa radial<a href=\"http:\/\/enteculturalsantafesino.com.ar\/usina2\/wp-content\/uploads\/2013\/07\/Logo-Ambito-C.jpg\" rel=\"lightbox[11011]\"><img loading=\"lazy\" decoding=\"async\" class=\"size-medium wp-image-10955 alignright\" alt=\"Logo Ambito C\" src=\"http:\/\/enteculturalsantafesino.com.ar\/usina2\/wp-content\/uploads\/2013\/07\/Logo-Ambito-C-263x300.jpg\" width=\"263\" height=\"300\" srcset=\"http:\/\/enteculturalsantafesino.com.ar\/usina2\/wp-content\/uploads\/2013\/07\/Logo-Ambito-C-263x300.jpg 263w, http:\/\/enteculturalsantafesino.com.ar\/usina2\/wp-content\/uploads\/2013\/07\/Logo-Ambito-C.jpg 627w\" sizes=\"(max-width: 263px) 100vw, 263px\" \/><\/a><\/p>\n<p><a href=\"http:\/\/www.enteculturalsantafesino.com.ar\/ambitoc\">\u201c\u00c1mbito C\u00bb\u00a0<\/a>producido por el\u00a0<a href=\"http:\/\/www.enteculturalsantafesino.com.ar\">Ente Cultural Santafesino<\/a>\u00a0y auspiciado por la Senadora Provincial del Dpto. San Mart\u00edn Cristina Berra y la Diputada Nacional Lic. Caudia Giaccone.<\/p>\n<p>Por<a href=\"http:\/\/www.contactoradio.net\">\u00a0Fm Contacto 100.9-Las Parejas-<\/a>\u00a0todos los viernes de 11 a 12 hs se desarrollar\u00e1 esta herramienta de acci\u00f3n cultural que se pone en marcha con el objetivo de difundir y promover todas las actividades y propuesta culturales originadas desde las comunidades que integran esta Asociaci\u00f3n Cultural Santafesina.<\/p>\n<p>Dicho programa ser\u00e1 conducido por Gustavo Bertorrello y Fernando Banegas con la presencia del invitado semanal, contando con cronistas y m\u00f3viles culturales en las 32 comunidades que integran las 4 Usinas Culturales Santafesinas.<\/p>\n<p><a href=\"http:\/\/www.enteculturalsantafesino.com.ar\/ambitoc\">\u00abAmbito C\u00bb<\/a>\u00a0tendr\u00e1 producci\u00f3n musical a trav\u00e9s de los artistas que integran la Br\u00fajula Cultural, curiosidades y agendas culturales, entrevistas a referentes del arte y la pol\u00edtica regional, provincial y nacional.<\/p>\n<p><a href=\"http:\/\/www.enteculturalsantafesino.com.ar\/ambitoc\">\u00ab\u00c1mbito C\u00bb<\/a>\u00a0es el espacio de encuentro de las distintas Secretar\u00edas y Direcciones de Cultura adheridas al ente Cultural Santafesino.<\/p>\n<p>&nbsp;<\/p>\n","protected":false},"excerpt":{"rendered":"<p>Este viernes 2 de agosto comienza el Ciclo 2013 del programa radial \u201c\u00c1mbito C\u00bb\u00a0producido por el\u00a0Ente Cultural [&hellip;]<\/p>\n","protected":false},"author":3,"featured_media":10955,"comment_status":"closed","ping_status":"closed","sticky":false,"template":"","format":"standard","meta":{"_jetpack_memberships_contains_paid_content":false,"footnotes":"","jetpack_publicize_message":"","jetpack_publicize_feature_enabled":true,"jetpack_social_post_already_shared":false,"jetpack_social_options":{"image_generator_settings":{"template":"highway","enabled":false}}},"categories":[28],"tags":[],"jetpack_publicize_connections":[],"jetpack_featured_media_url":"http:\/\/enteculturalsantafesino.com.ar\/usina2\/wp-content\/uploads\/2013\/07\/Logo-Ambito-C.jpg","jetpack_sharing_enabled":true,"_links":{"self":[{"href":"http:\/\/enteculturalsantafesino.com.ar\/usina2\/wp-json\/wp\/v2\/posts\/11011"}],"collection":[{"href":"http:\/\/enteculturalsantafesino.com.ar\/usina2\/wp-json\/wp\/v2\/posts"}],"about":[{"href":"http:\/\/enteculturalsantafesino.com.ar\/usina2\/wp-json\/wp\/v2\/types\/post"}],"author":[{"embeddable":true,"href":"http:\/\/enteculturalsantafesino.com.ar\/usina2\/wp-json\/wp\/v2\/users\/3"}],"replies":[{"embeddable":true,"href":"http:\/\/enteculturalsantafesino.com.ar\/usina2\/wp-json\/wp\/v2\/comments?post=11011"}],"version-history":[{"count":0,"href":"http:\/\/enteculturalsantafesino.com.ar\/usina2\/wp-json\/wp\/v2\/posts\/11011\/revisions"}],"wp:featuredmedia":[{"embeddable":true,"href":"http:\/\/enteculturalsantafesino.com.ar\/usina2\/wp-json\/wp\/v2\/media\/10955"}],"wp:attachment":[{"href":"http:\/\/enteculturalsantafesino.com.ar\/usina2\/wp-json\/wp\/v2\/media?parent=11011"}],"wp:term":[{"taxonomy":"category","embeddable":true,"href":"http:\/\/enteculturalsantafesino.com.ar\/usina2\/wp-json\/wp\/v2\/categories?post=11011"},{"taxonomy":"post_tag","embeddable":true,"href":"http:\/\/enteculturalsantafesino.com.ar\/usina2\/wp-json\/wp\/v2\/tags?post=11011"}],"curies":[{"name":"wp","href":"https:\/\/api.w.org\/{rel}","templated":true}]}}