{"id":11015,"date":"2013-08-03T00:36:52","date_gmt":"2013-08-03T00:36:52","guid":{"rendered":"http:\/\/entecultura.com.ar\/usina2\/?p=11015"},"modified":"2013-08-03T00:36:52","modified_gmt":"2013-08-03T00:36:52","slug":"lehmann-se-une-a-los-festejos-patronales-de-nueva-lehmann","status":"publish","type":"post","link":"http:\/\/enteculturalsantafesino.com.ar\/usina2\/2013\/08\/lehmann-se-une-a-los-festejos-patronales-de-nueva-lehmann\/","title":{"rendered":"Lehmann: Se une a los festejos patronales de Nueva Lehmann."},"content":{"rendered":"<p><a href=\"http:\/\/enteculturalsantafesino.com.ar\/usina2\/wp-content\/uploads\/2013\/08\/images-7.jpg\" rel=\"lightbox[11015]\"><img loading=\"lazy\" decoding=\"async\" class=\"size-full wp-image-11016 alignright\" alt=\"images (7)\" src=\"http:\/\/enteculturalsantafesino.com.ar\/usina2\/wp-content\/uploads\/2013\/08\/images-7.jpg\" width=\"253\" height=\"199\" \/><\/a>El pr\u00f3ximo domingo 4 de agosto, la Comisi\u00f3n de Cultura de la Comuna de Lehmann acompa\u00f1ar\u00e1 a los vecinos de Nueva Lehmann en la celebraci\u00f3n de sus festejos patronales en devoci\u00f3n a Nuestra Se\u00f1ora de Los \u00c1ngeles.<\/p>\n<p>En la ocasi\u00f3n se celebrar\u00e1 la misa\u00a0 a las 10:00 hs y seguidamente la procesi\u00f3n para continuar luego con un almuerzo a la canasta y otras actividades para los m\u00e1s peque\u00f1os: juegos, castillos, chocolatada y golosinas.<\/p>\n<p>Se invita a los lehmenses a compartir estos festejos con nuestros vecinos y as\u00ed demostrar que la gente se sigue sintiendo part\u00edcipe de sus actividades cotidianas. Es una buena ocasi\u00f3n para ello.<\/p>\n","protected":false},"excerpt":{"rendered":"<p>El pr\u00f3ximo domingo 4 de agosto, la Comisi\u00f3n de Cultura de la Comuna de Lehmann acompa\u00f1ar\u00e1 a [&hellip;]<\/p>\n","protected":false},"author":3,"featured_media":11017,"comment_status":"closed","ping_status":"closed","sticky":false,"template":"","format":"standard","meta":{"_jetpack_memberships_contains_paid_content":false,"footnotes":"","jetpack_publicize_message":"","jetpack_publicize_feature_enabled":true,"jetpack_social_post_already_shared":false,"jetpack_social_options":{"image_generator_settings":{"template":"highway","enabled":false}}},"categories":[2],"tags":[],"jetpack_publicize_connections":[],"jetpack_featured_media_url":"http:\/\/enteculturalsantafesino.com.ar\/usina2\/wp-content\/uploads\/2013\/08\/Nueva-Lehmann-Via-de-tren-02.jpg","jetpack_sharing_enabled":true,"_links":{"self":[{"href":"http:\/\/enteculturalsantafesino.com.ar\/usina2\/wp-json\/wp\/v2\/posts\/11015"}],"collection":[{"href":"http:\/\/enteculturalsantafesino.com.ar\/usina2\/wp-json\/wp\/v2\/posts"}],"about":[{"href":"http:\/\/enteculturalsantafesino.com.ar\/usina2\/wp-json\/wp\/v2\/types\/post"}],"author":[{"embeddable":true,"href":"http:\/\/enteculturalsantafesino.com.ar\/usina2\/wp-json\/wp\/v2\/users\/3"}],"replies":[{"embeddable":true,"href":"http:\/\/enteculturalsantafesino.com.ar\/usina2\/wp-json\/wp\/v2\/comments?post=11015"}],"version-history":[{"count":0,"href":"http:\/\/enteculturalsantafesino.com.ar\/usina2\/wp-json\/wp\/v2\/posts\/11015\/revisions"}],"wp:featuredmedia":[{"embeddable":true,"href":"http:\/\/enteculturalsantafesino.com.ar\/usina2\/wp-json\/wp\/v2\/media\/11017"}],"wp:attachment":[{"href":"http:\/\/enteculturalsantafesino.com.ar\/usina2\/wp-json\/wp\/v2\/media?parent=11015"}],"wp:term":[{"taxonomy":"category","embeddable":true,"href":"http:\/\/enteculturalsantafesino.com.ar\/usina2\/wp-json\/wp\/v2\/categories?post=11015"},{"taxonomy":"post_tag","embeddable":true,"href":"http:\/\/enteculturalsantafesino.com.ar\/usina2\/wp-json\/wp\/v2\/tags?post=11015"}],"curies":[{"name":"wp","href":"https:\/\/api.w.org\/{rel}","templated":true}]}}