{"id":11300,"date":"2013-09-02T14:01:24","date_gmt":"2013-09-02T14:01:24","guid":{"rendered":"http:\/\/entecultura.com.ar\/usina2\/?p=11300"},"modified":"2013-09-02T14:01:24","modified_gmt":"2013-09-02T14:01:24","slug":"celebracion-del-dia-del-arbol-en-felicia","status":"publish","type":"post","link":"http:\/\/enteculturalsantafesino.com.ar\/usina2\/2013\/09\/celebracion-del-dia-del-arbol-en-felicia\/","title":{"rendered":"Celebraci\u00f3n del D\u00eda del \u00c1rbol en Felicia."},"content":{"rendered":"<p><a href=\"http:\/\/enteculturalsantafesino.com.ar\/usina2\/wp-content\/uploads\/2013\/09\/1174501_10151822072872902_775526290_n.jpg\" rel=\"lightbox[11300]\"><img loading=\"lazy\" decoding=\"async\" class=\"size-medium wp-image-11299 alignright\" alt=\"1174501_10151822072872902_775526290_n\" src=\"http:\/\/enteculturalsantafesino.com.ar\/usina2\/wp-content\/uploads\/2013\/09\/1174501_10151822072872902_775526290_n-300x225.jpg\" width=\"300\" height=\"225\" srcset=\"http:\/\/enteculturalsantafesino.com.ar\/usina2\/wp-content\/uploads\/2013\/09\/1174501_10151822072872902_775526290_n-300x225.jpg 300w, http:\/\/enteculturalsantafesino.com.ar\/usina2\/wp-content\/uploads\/2013\/09\/1174501_10151822072872902_775526290_n.jpg 960w\" sizes=\"(max-width: 300px) 100vw, 300px\" \/><\/a>El domingo 25 de agosto se realiz\u00f3, como ya es tradicional, la celebraci\u00f3n del \u201cD\u00eda del \u00c1rbol\u201d mediante el cual la familia de cada ni\u00f1o nacido el a\u00f1o anterior planta un \u00e1rbol para celebrar su nacimiento.<\/p>\n<p>El acto es organizado de manera conjunta por la Escuela N\u00ba 1152 \u201cSan Jos\u00e9\u201d y la Comuna de Felicia, y cont\u00f3 con la bendici\u00f3n del di\u00e1cono Ariel Am\u00e9ndola. Tambi\u00e9n, en nombre de los ni\u00f1os de la generaci\u00f3n 2013, dirigi\u00f3 unas palabras la se\u00f1ora Mariana Romano.<\/p>\n<p>Los ni\u00f1os nacidos durante el a\u00f1o 2013 en la localidad de Felicia son: Brisa Celeste Fretter, Kiara Furlotti, Renato Wagner, Luna Berger, Juan Bautista Correa, B\u00e1rbara Milagros Aguirre, Victoria Falkenmayer, Florencia Sof\u00eda Meier, Taina Rinaldi, Jazm\u00edn Mical Peralta, Gino Viola, Francisco Exequiel Barreto, Ariel Orlando Gassman, Valentina Cerrudo, Tob\u00ecas Amiano, Valent\u00edn Franco Meier, Benicio Saluzzo, Cecilia Marlen Fux, Mar\u00eda Eugenia Sutter, Gianluca Franconi, Keira Luj\u00e1n Cuatr\u00edn, M\u00eda Schnidrig, Andr\u00e9s Ferm\u00edn Amweg, Victoria Pereyra, Regina Laura Cresp\u00edn, Chiara Fretter, Dana Luc\u00eda Hinz, Delfina Rabellino, Joaqu\u00edn Dami\u00e1n Su\u00f1\u00e9, Augusto Sebasti\u00e1n Su\u00f1\u00e9, Esteban Rodr\u00edguez, Kiara Sof\u00eda Lezcano, Yazm\u00edn Celeste Meyer, Dianela Magal\u00ed Cazzamiga, Thiago Agust\u00edn Llanes, Misael Bernhard, Emma Isabella Lescano y Eunice Sol Meier.<\/p>\n","protected":false},"excerpt":{"rendered":"<p>El domingo 25 de agosto se realiz\u00f3, como ya es tradicional, la celebraci\u00f3n del \u201cD\u00eda del \u00c1rbol\u201d [&hellip;]<\/p>\n","protected":false},"author":3,"featured_media":11299,"comment_status":"closed","ping_status":"closed","sticky":false,"template":"","format":"standard","meta":{"_jetpack_memberships_contains_paid_content":false,"footnotes":"","jetpack_publicize_message":"","jetpack_publicize_feature_enabled":true,"jetpack_social_post_already_shared":false,"jetpack_social_options":{"image_generator_settings":{"template":"highway","enabled":false}}},"categories":[30],"tags":[],"jetpack_publicize_connections":[],"jetpack_featured_media_url":"http:\/\/enteculturalsantafesino.com.ar\/usina2\/wp-content\/uploads\/2013\/09\/1174501_10151822072872902_775526290_n.jpg","jetpack_sharing_enabled":true,"_links":{"self":[{"href":"http:\/\/enteculturalsantafesino.com.ar\/usina2\/wp-json\/wp\/v2\/posts\/11300"}],"collection":[{"href":"http:\/\/enteculturalsantafesino.com.ar\/usina2\/wp-json\/wp\/v2\/posts"}],"about":[{"href":"http:\/\/enteculturalsantafesino.com.ar\/usina2\/wp-json\/wp\/v2\/types\/post"}],"author":[{"embeddable":true,"href":"http:\/\/enteculturalsantafesino.com.ar\/usina2\/wp-json\/wp\/v2\/users\/3"}],"replies":[{"embeddable":true,"href":"http:\/\/enteculturalsantafesino.com.ar\/usina2\/wp-json\/wp\/v2\/comments?post=11300"}],"version-history":[{"count":0,"href":"http:\/\/enteculturalsantafesino.com.ar\/usina2\/wp-json\/wp\/v2\/posts\/11300\/revisions"}],"wp:featuredmedia":[{"embeddable":true,"href":"http:\/\/enteculturalsantafesino.com.ar\/usina2\/wp-json\/wp\/v2\/media\/11299"}],"wp:attachment":[{"href":"http:\/\/enteculturalsantafesino.com.ar\/usina2\/wp-json\/wp\/v2\/media?parent=11300"}],"wp:term":[{"taxonomy":"category","embeddable":true,"href":"http:\/\/enteculturalsantafesino.com.ar\/usina2\/wp-json\/wp\/v2\/categories?post=11300"},{"taxonomy":"post_tag","embeddable":true,"href":"http:\/\/enteculturalsantafesino.com.ar\/usina2\/wp-json\/wp\/v2\/tags?post=11300"}],"curies":[{"name":"wp","href":"https:\/\/api.w.org\/{rel}","templated":true}]}}