{"id":11930,"date":"2013-12-10T16:58:34","date_gmt":"2013-12-10T16:58:34","guid":{"rendered":"http:\/\/entecultura.com.ar\/usina2\/?p=11930"},"modified":"2013-12-10T16:58:34","modified_gmt":"2013-12-10T16:58:34","slug":"colonia-aldao-entrega-de-netbooks-del-programa-conectar-igualdad","status":"publish","type":"post","link":"http:\/\/enteculturalsantafesino.com.ar\/usina2\/2013\/12\/colonia-aldao-entrega-de-netbooks-del-programa-conectar-igualdad\/","title":{"rendered":"Colonia Aldao: Entrega de netbooks del Programa Conectar Igualdad."},"content":{"rendered":"<p><a href=\"http:\/\/enteculturalsantafesino.com.ar\/usina2\/wp-content\/uploads\/2013\/12\/1452329_648533301854604_1876525967_n.jpg\" rel=\"lightbox[11930]\"><img loading=\"lazy\" decoding=\"async\" class=\"size-medium wp-image-11931 alignright\" alt=\"1452329_648533301854604_1876525967_n\" src=\"http:\/\/enteculturalsantafesino.com.ar\/usina2\/wp-content\/uploads\/2013\/12\/1452329_648533301854604_1876525967_n-300x225.jpg\" width=\"300\" height=\"225\" srcset=\"http:\/\/enteculturalsantafesino.com.ar\/usina2\/wp-content\/uploads\/2013\/12\/1452329_648533301854604_1876525967_n-300x225.jpg 300w, http:\/\/enteculturalsantafesino.com.ar\/usina2\/wp-content\/uploads\/2013\/12\/1452329_648533301854604_1876525967_n.jpg 960w\" sizes=\"(max-width: 300px) 100vw, 300px\" \/><\/a>La Escuela Secundaria \u201cMariano Moreno\u201d de Colonia Aldao recibi\u00f3 134 netbooks como parte del Programa Conectar Igualdad que impulsa el Gobierno Nacional. Del acto de entrega participaron Graciela Ballario, jefa de ANSeS Rafaela, y Hugo Michelini, Presidente Comunal de Colonia Aldao.<\/p>\n<p>Graciela Ballario manifest\u00f3 que \u201cConectar Igualdad tiene distribuidas m\u00e1s de 3 millones de netbooks, convirti\u00e9ndose en el plan en este tipo m\u00e1s importante de Latinoam\u00e9rica. Uno de los objetivos del programa es la igualdad: todos los chicos de la Argentina reciben la misma netbook, ustedes en Aldao, ayer en (Colonia) Tacurales en el N\u00facleo Rural, en el centro de Capital Federal, en el impenetrable chaque\u00f1o, en la Patagonia. La netbook que ustedes se est\u00e1n llevando es exactamente igual para todos los chicos de la Argentina. Quiz\u00e1s en algunas casas tengan la posibilidad de tener una PC o una notebook; en otras casas ser\u00e1 la primera computadora que llegue\u2026 eso es lo que se pretende, la igualdad. Todos los alumnos son iguales en cualquier parte del pa\u00eds que se encuentre\u201d.<\/p>\n<p>\u201cLo que se pretende es que trabajen con la netbook en la escuela porque las m\u00e1quinas tienen la mejor tecnolog\u00eda para trabajar en el aula, pero tambi\u00e9n pretendemos que la disfruten en su casa, conectados a las redes sociales para que saquen el mejor provecho de ellas\u201d acot\u00f3 la funcionaria de ANSeS.<\/p>\n<p>El Presidente Comunal Hugo Michelini destac\u00f3 tambi\u00e9n la importancia de esta iniciativa del gobierno nacional, y anticip\u00f3 que, en breve, estar\u00e1 disponible el servicio de wi-fi gratuito en la plaza Patricio Cullen, pudiendo los j\u00f3venes estar conectados a internet en este habitual \u00e1mbito de reuni\u00f3n.<\/p>\n<p>Las netbooks ser\u00e1n entregadas a los actuales docentes y alumnos de la instituci\u00f3n, en car\u00e1cter de comodato, y a los egresados en 2011 y 2012 -que tuvieran todas sus materias aprobadas a marzo del corriente a\u00f1o-, con car\u00e1cter definitivo.<\/p>\n<p>Conectar Igualdad fue creado en abril de 2010 a trav\u00e9s del Decreto N\u00ba 459\/10 de la Presidenta de la Naci\u00f3n, Cristina Fern\u00e1ndez de Kirchner, con el objetivo de entregar una netbook a todos los estudiantes y docentes de las escuelas p\u00fablicas secundarias, de educaci\u00f3n especial, y de los institutos de formaci\u00f3n docente.<\/p>\n<p>Se propone, adem\u00e1s, capacitar a los docentes en el uso de esta herramienta, y elaborar propuestas educativas que favorezcan su incorporaci\u00f3n en los procesos de ense\u00f1anza y aprendizaje.<\/p>\n<p>Entre sus principales metas se destacan:<br \/>\n+ Promover la igualdad de oportunidades entre todos los j\u00f3venes del pa\u00eds, al brindarles un instrumento que permita achicar la brecha digital.<br \/>\n+ Desarrollar las competencias necesarias para el manejo de los nuevos lenguajes producidos por las tecnolog\u00edas de la informaci\u00f3n y la comunicaci\u00f3n, brindando a los alumnos mayores posibilidades de inserci\u00f3n laboral.<br \/>\n+ Mejorar los procesos de ense\u00f1anza y aprendizaje a trav\u00e9s de la modificaci\u00f3n de las formas de trabajo en el aula y en la escuela a partir del uso de las TIC.<br \/>\n+ Incorporar y comprometer a las familias para que participen activamente del proceso de aprendizaje de los alumnos.<\/p>\n","protected":false},"excerpt":{"rendered":"<p>La Escuela Secundaria \u201cMariano Moreno\u201d de Colonia Aldao recibi\u00f3 134 netbooks como parte del Programa Conectar Igualdad [&hellip;]<\/p>\n","protected":false},"author":3,"featured_media":11932,"comment_status":"closed","ping_status":"closed","sticky":false,"template":"","format":"standard","meta":{"_jetpack_memberships_contains_paid_content":false,"footnotes":"","jetpack_publicize_message":"","jetpack_publicize_feature_enabled":true,"jetpack_social_post_already_shared":false,"jetpack_social_options":{"image_generator_settings":{"template":"highway","enabled":false}}},"categories":[32],"tags":[],"jetpack_publicize_connections":[],"jetpack_featured_media_url":"http:\/\/enteculturalsantafesino.com.ar\/usina2\/wp-content\/uploads\/2013\/12\/994382_648532861854648_787004018_n.jpg","jetpack_sharing_enabled":true,"_links":{"self":[{"href":"http:\/\/enteculturalsantafesino.com.ar\/usina2\/wp-json\/wp\/v2\/posts\/11930"}],"collection":[{"href":"http:\/\/enteculturalsantafesino.com.ar\/usina2\/wp-json\/wp\/v2\/posts"}],"about":[{"href":"http:\/\/enteculturalsantafesino.com.ar\/usina2\/wp-json\/wp\/v2\/types\/post"}],"author":[{"embeddable":true,"href":"http:\/\/enteculturalsantafesino.com.ar\/usina2\/wp-json\/wp\/v2\/users\/3"}],"replies":[{"embeddable":true,"href":"http:\/\/enteculturalsantafesino.com.ar\/usina2\/wp-json\/wp\/v2\/comments?post=11930"}],"version-history":[{"count":0,"href":"http:\/\/enteculturalsantafesino.com.ar\/usina2\/wp-json\/wp\/v2\/posts\/11930\/revisions"}],"wp:featuredmedia":[{"embeddable":true,"href":"http:\/\/enteculturalsantafesino.com.ar\/usina2\/wp-json\/wp\/v2\/media\/11932"}],"wp:attachment":[{"href":"http:\/\/enteculturalsantafesino.com.ar\/usina2\/wp-json\/wp\/v2\/media?parent=11930"}],"wp:term":[{"taxonomy":"category","embeddable":true,"href":"http:\/\/enteculturalsantafesino.com.ar\/usina2\/wp-json\/wp\/v2\/categories?post=11930"},{"taxonomy":"post_tag","embeddable":true,"href":"http:\/\/enteculturalsantafesino.com.ar\/usina2\/wp-json\/wp\/v2\/tags?post=11930"}],"curies":[{"name":"wp","href":"https:\/\/api.w.org\/{rel}","templated":true}]}}