{"id":11935,"date":"2013-12-12T15:59:57","date_gmt":"2013-12-12T15:59:57","guid":{"rendered":"http:\/\/entecultura.com.ar\/usina2\/?p=11935"},"modified":"2013-12-12T15:59:59","modified_gmt":"2013-12-12T15:59:59","slug":"sunchales-el-gobierno-local-inauguro-la-casa-de-la-historia-y-la-cultura-del-bicentenario","status":"publish","type":"post","link":"http:\/\/enteculturalsantafesino.com.ar\/usina2\/2013\/12\/sunchales-el-gobierno-local-inauguro-la-casa-de-la-historia-y-la-cultura-del-bicentenario\/","title":{"rendered":"Sunchales: El gobierno local inaugur\u00f3 la \u201cCasa de la Historia y la Cultura del Bicentenario\u201d"},"content":{"rendered":"<p><span style=\"font-family: Verdana; font-size: small;\"><a href=\"http:\/\/enteculturalsantafesino.com.ar\/usina2\/wp-content\/uploads\/2013\/12\/foto.Noticia.123.Inauguraci\u00f3n_1.620.zip.jpg\" rel=\"lightbox[11935]\"><img loading=\"lazy\" decoding=\"async\" class=\"size-medium wp-image-11936 alignright\" alt=\"foto.Noticia.123.Inauguraci\u00f3n_1.620.zip\" src=\"http:\/\/enteculturalsantafesino.com.ar\/usina2\/wp-content\/uploads\/2013\/12\/foto.Noticia.123.Inauguraci\u00f3n_1.620.zip-300x198.jpg\" width=\"300\" height=\"198\" srcset=\"http:\/\/enteculturalsantafesino.com.ar\/usina2\/wp-content\/uploads\/2013\/12\/foto.Noticia.123.Inauguraci\u00f3n_1.620.zip-300x198.jpg 300w, http:\/\/enteculturalsantafesino.com.ar\/usina2\/wp-content\/uploads\/2013\/12\/foto.Noticia.123.Inauguraci\u00f3n_1.620.zip.jpg 620w\" sizes=\"(max-width: 300px) 100vw, 300px\" \/><\/a>En la noche del d\u00eda lunes 9 de diciembre, el gobierno local llev\u00f3 adelante la ceremonia de inauguraci\u00f3n de la \u201cCasa de la Historia y la Cultura del Bicentenario\u201d, el nuevo espacio municipal que pretende albergar actividades culturales, educativas y recreativas de toda la comunidad. Adem\u00e1s, se aprovech\u00f3 la oportunidad para realizar el tradicional brindis de fin de a\u00f1o, con un balance de los dos a\u00f1os de gesti\u00f3n municipal del Intendente Ezequiel Bolatti.<\/span><\/p>\n<p><span style=\"font-family: Verdana; font-size: small;\">De este encuentro participaron el Intendente Municipal, Ezequiel Bolatti, junto a todo su equipo de trabajo del Departamento Ejecutivo Municipal, integrantes del Concejo Municipal, Senador Departamental, Alcides Calvo, integrantes de instituciones intermedias de la ciudad, medios de comunicaci\u00f3n, empleados municipales y p\u00fablico en general.<\/span><\/p>\n<p><span style=\"font-family: Verdana; font-size: small;\">El objetivo de este espacio es contribuir a la construcci\u00f3n de una identidad local a partir de la exposici\u00f3n permanente de elementos que testimonien los acontecimientos pol\u00edticos, culturales, sociales, econ\u00f3micos y deportivos que hacen a la historia de Sunchales, y que permiten recuperar y consolidar \u00edntegramente dicha identidad.<\/span><\/p>\n<p><span style=\"font-family: Verdana; font-size: small;\">Es importante destacar que para la construcci\u00f3n de este edificio con m\u00faltiples espacios, el gobierno local lleva invertido un monto que asciende a $1.100.000. En este sentido, en el a\u00f1o 2010, el municipio local recibi\u00f3 un subsidio de $580.000 en marco del proyecto \u201cCasa de la Historia y la Cultura del Bicentenario\u201d, a partir de un convenio rubricado con la Secretar\u00eda de Empleo y seguridad Social de la Naci\u00f3n. El mismo permiti\u00f3 comenzar con la infraestructura b\u00e1sica y avanzar con el proyecto base.<\/span><\/p>\n<p><span style=\"font-family: Verdana; font-size: small;\">Posteriormente, la gesti\u00f3n del Intendente Municipal Ezequiel Bolatti, debi\u00f3 efectuar un esfuerzo muy importante al aportar m\u00e1s del 50% de los recursos totales necesarios para cumplir con las pautas establecidas, y finalizar el proyecto que hoy se luce en nuestra ciudad.<\/span><\/p>\n<p><span style=\"font-family: Verdana; font-size: small;\">A lo largo de la jornada, todos los presentes pudieron disfrutar en el interior del edificio, el magn\u00edfico proyecto colectivo de exhibici\u00f3n de los artistas visuales, Guillermo Vezzosi y Ramiro Gonz\u00e1les Etchag\u00fce, denominado\u00a0<i>\u201cPulsiones: encuentros y desencuentros en el espacio\u201d.<br \/>\n<\/i><\/span><\/p>\n<p><span style=\"font-family: Verdana; font-size: small;\"><span style=\"font-family: Verdana; font-size: small;\">Luego del corte de cintas que dej\u00f3 oficialmente inaugurado este espacio, y dentro de este marco de celebraci\u00f3n, se realiz\u00f3 el tradicional brindis de fin de a\u00f1o, que previamente cont\u00f3 con un balance detallado de los dos a\u00f1os de gesti\u00f3n municipal, y un emotivo discurso del Intendente Bolatti, quien remarc\u00f3 a todo el p\u00fablico: \u201c<i>Todos nuestros ejes de gesti\u00f3n se transformaron en \u00e1reas de ejecuci\u00f3n, porque sabemos que una pol\u00edtica propuesta s\u00f3lo se puede implementar si hay personas capaces de llevarlas adelante. Estamos pensando una ciudad desarrollada, inclusiva, con oportunidades\u201d.<\/i><\/span><\/span><\/p>\n<p><span style=\"font-family: Verdana; font-size: small;\">Adem\u00e1s, el mandatario local agreg\u00f3:\u00a0<i>\u201cVuelvo a renovar mi compromiso para hacer de Sunchales, una mejor ciudad. Vuelvo a renovar mi compromiso para involucrar a todos en el desarrollo del futuro de la ciudad\u201d.<\/i><\/span><\/p>\n","protected":false},"excerpt":{"rendered":"<p>En la noche del d\u00eda lunes 9 de diciembre, el gobierno local llev\u00f3 adelante la ceremonia de [&hellip;]<\/p>\n","protected":false},"author":3,"featured_media":11937,"comment_status":"closed","ping_status":"closed","sticky":false,"template":"","format":"standard","meta":{"_jetpack_memberships_contains_paid_content":false,"footnotes":"","jetpack_publicize_message":"","jetpack_publicize_feature_enabled":true,"jetpack_social_post_already_shared":false,"jetpack_social_options":{"image_generator_settings":{"template":"highway","enabled":false}}},"categories":[27],"tags":[],"jetpack_publicize_connections":[],"jetpack_featured_media_url":"http:\/\/enteculturalsantafesino.com.ar\/usina2\/wp-content\/uploads\/2013\/12\/foto.Noticia.123.Inauguraci\u00f3n_2.620.zip.jpg","jetpack_sharing_enabled":true,"_links":{"self":[{"href":"http:\/\/enteculturalsantafesino.com.ar\/usina2\/wp-json\/wp\/v2\/posts\/11935"}],"collection":[{"href":"http:\/\/enteculturalsantafesino.com.ar\/usina2\/wp-json\/wp\/v2\/posts"}],"about":[{"href":"http:\/\/enteculturalsantafesino.com.ar\/usina2\/wp-json\/wp\/v2\/types\/post"}],"author":[{"embeddable":true,"href":"http:\/\/enteculturalsantafesino.com.ar\/usina2\/wp-json\/wp\/v2\/users\/3"}],"replies":[{"embeddable":true,"href":"http:\/\/enteculturalsantafesino.com.ar\/usina2\/wp-json\/wp\/v2\/comments?post=11935"}],"version-history":[{"count":0,"href":"http:\/\/enteculturalsantafesino.com.ar\/usina2\/wp-json\/wp\/v2\/posts\/11935\/revisions"}],"wp:featuredmedia":[{"embeddable":true,"href":"http:\/\/enteculturalsantafesino.com.ar\/usina2\/wp-json\/wp\/v2\/media\/11937"}],"wp:attachment":[{"href":"http:\/\/enteculturalsantafesino.com.ar\/usina2\/wp-json\/wp\/v2\/media?parent=11935"}],"wp:term":[{"taxonomy":"category","embeddable":true,"href":"http:\/\/enteculturalsantafesino.com.ar\/usina2\/wp-json\/wp\/v2\/categories?post=11935"},{"taxonomy":"post_tag","embeddable":true,"href":"http:\/\/enteculturalsantafesino.com.ar\/usina2\/wp-json\/wp\/v2\/tags?post=11935"}],"curies":[{"name":"wp","href":"https:\/\/api.w.org\/{rel}","templated":true}]}}