{"id":17246,"date":"2016-08-12T12:25:42","date_gmt":"2016-08-12T12:25:42","guid":{"rendered":"http:\/\/entecultura.com.ar\/usina2\/?p=17246"},"modified":"2016-08-12T12:25:42","modified_gmt":"2016-08-12T12:25:42","slug":"de-cuando-la-cultura-se-comparte","status":"publish","type":"post","link":"http:\/\/enteculturalsantafesino.com.ar\/usina2\/2016\/08\/de-cuando-la-cultura-se-comparte\/","title":{"rendered":"De cuando la cultura se comparte"},"content":{"rendered":"<blockquote><p>Por Mt. Erika Guse<\/p><\/blockquote>\n\n\t\t<style type=\"text\/css\">\n\t\t\t#gallery-1 {\n\t\t\t\tmargin: auto;\n\t\t\t}\n\t\t\t#gallery-1 .gallery-item {\n\t\t\t\tfloat: left;\n\t\t\t\tmargin-top: 10px;\n\t\t\t\ttext-align: center;\n\t\t\t\twidth: 33%;\n\t\t\t}\n\t\t\t#gallery-1 img {\n\t\t\t\tborder: 2px solid #cfcfcf;\n\t\t\t}\n\t\t\t#gallery-1 .gallery-caption {\n\t\t\t\tmargin-left: 0;\n\t\t\t}\n\t\t\t\/* see gallery_shortcode() in wp-includes\/media.php *\/\n\t\t<\/style>\n\t\t<div id='gallery-1' class='gallery galleryid-17246 gallery-columns-3 gallery-size-thumbnail'><dl class='gallery-item'>\n\t\t\t<dt class='gallery-icon portrait'>\n\t\t\t\t<a href='http:\/\/enteculturalsantafesino.com.ar\/usina2\/2016\/08\/de-cuando-la-cultura-se-comparte\/77eb764e-6478-4ea5-9571-5a7c9b0a4ce1\/'><img loading=\"lazy\" decoding=\"async\" width=\"150\" height=\"150\" src=\"http:\/\/enteculturalsantafesino.com.ar\/usina2\/wp-content\/uploads\/2016\/08\/77eb764e-6478-4ea5-9571-5a7c9b0a4ce1-150x150.jpg\" class=\"attachment-thumbnail size-thumbnail\" alt=\"\" srcset=\"http:\/\/enteculturalsantafesino.com.ar\/usina2\/wp-content\/uploads\/2016\/08\/77eb764e-6478-4ea5-9571-5a7c9b0a4ce1-150x150.jpg 150w, http:\/\/enteculturalsantafesino.com.ar\/usina2\/wp-content\/uploads\/2016\/08\/77eb764e-6478-4ea5-9571-5a7c9b0a4ce1-53x53.jpg 53w\" sizes=\"(max-width: 150px) 100vw, 150px\" \/><\/a>\n\t\t\t<\/dt><\/dl><dl class='gallery-item'>\n\t\t\t<dt class='gallery-icon landscape'>\n\t\t\t\t<a href='http:\/\/enteculturalsantafesino.com.ar\/usina2\/2016\/08\/de-cuando-la-cultura-se-comparte\/05477e49-ab08-4faa-be15-4268d7461a9f\/'><img loading=\"lazy\" decoding=\"async\" width=\"150\" height=\"150\" src=\"http:\/\/enteculturalsantafesino.com.ar\/usina2\/wp-content\/uploads\/2016\/08\/05477e49-ab08-4faa-be15-4268d7461a9f-150x150.jpg\" class=\"attachment-thumbnail size-thumbnail\" alt=\"\" srcset=\"http:\/\/enteculturalsantafesino.com.ar\/usina2\/wp-content\/uploads\/2016\/08\/05477e49-ab08-4faa-be15-4268d7461a9f-150x150.jpg 150w, http:\/\/enteculturalsantafesino.com.ar\/usina2\/wp-content\/uploads\/2016\/08\/05477e49-ab08-4faa-be15-4268d7461a9f-53x53.jpg 53w\" sizes=\"(max-width: 150px) 100vw, 150px\" \/><\/a>\n\t\t\t<\/dt><\/dl><dl class='gallery-item'>\n\t\t\t<dt class='gallery-icon landscape'>\n\t\t\t\t<a href='http:\/\/enteculturalsantafesino.com.ar\/usina2\/2016\/08\/de-cuando-la-cultura-se-comparte\/9087eeab-cbab-4e1a-95ff-088ed4ad921c\/'><img loading=\"lazy\" decoding=\"async\" width=\"150\" height=\"150\" src=\"http:\/\/enteculturalsantafesino.com.ar\/usina2\/wp-content\/uploads\/2016\/08\/9087eeab-cbab-4e1a-95ff-088ed4ad921c-150x150.jpg\" class=\"attachment-thumbnail size-thumbnail\" alt=\"\" srcset=\"http:\/\/enteculturalsantafesino.com.ar\/usina2\/wp-content\/uploads\/2016\/08\/9087eeab-cbab-4e1a-95ff-088ed4ad921c-150x150.jpg 150w, http:\/\/enteculturalsantafesino.com.ar\/usina2\/wp-content\/uploads\/2016\/08\/9087eeab-cbab-4e1a-95ff-088ed4ad921c-53x53.jpg 53w\" sizes=\"(max-width: 150px) 100vw, 150px\" \/><\/a>\n\t\t\t<\/dt><\/dl><br style=\"clear: both\" \/>\n\t\t<\/div>\n\n<p>Cuando en mayo la <strong>Usina II<\/strong> llev\u00f3 a cabo \u00a0\u00abForma y Color\u00bb en la localidad de <strong>Grutly<\/strong>, una serie de obras llamaron la atenci\u00f3n de los concurrentes. Se trataba de los <strong>Zentangles<\/strong> que presentaron los alumnos de cuarto y quinto a\u00f1o de la Escuela Jos\u00e9 Keller. La novedad no s\u00f3lo radicaba en el tama\u00f1o y continuidad de obra sino tambi\u00e9n en la juventud de los artistas.<\/p>\n<p>R\u00e1pidamente surgi\u00f3 el deseo de que la muestra visitara otros pueblos de la Usina II. De esta manera, la <strong>Comisi\u00f3n de Cultura de Grutly<\/strong> ofici\u00f3 de intermediaria entre los autores y los que dese\u00e1bamos que nuestras localidades pudieran conocer la muestra.<\/p>\n<p>Al llegar a <strong>Felicia<\/strong> los <strong>Zentangles<\/strong> causaron\u00a0 sensaci\u00f3n: primero visitaron la Escuela Secundaria, donde\u00a0 recorrieron todos los cursos. Los alumnos se sintieron motivados al ver las obras de chicos de su edad. Se entusiasmaron con las t\u00e9cnicas, los materiales, el tiempo de realizaci\u00f3n y les surgieron m\u00faltiples preguntas.<\/p>\n<p>Luego, la muestra visit\u00f3 la <strong>Biblioteca Popular<\/strong>, para estar a disposici\u00f3n del p\u00fablico\u00a0 que durante una semana pudo disfrutarla. Los comentarios favorables se multiplicaron. Por \u00faltimo, lleg\u00f3 el momento de los ni\u00f1os: con su inocencia se maravillaron con las obras, descubrieron nuevas ideas para pintar, dibujar y asombrados se acercaron a verlos. Fue admirable su sorpresa al \u201cver el arte de cerca\u201d, como un ejercicio cotidiano. Poder jugar a trav\u00e9s de las obras, hacer de la cultura un bien accesible y no s\u00f3lo depender de lo que aparece en los grandes museos.<\/p>\n<p>Seguramente, los adolescentes de Grutly, cuando decidieron participar en \u00abForma y Color\u00bb, no sab\u00edan la repercusi\u00f3n que sus obras tendr\u00edan. Menos a\u00fan la influencia en ni\u00f1os, j\u00f3venes y adultos de otras localidades. Esa es la magia de <a href=\"http:\/\/enteculturalsantafesino.com.ar\/usina1\/tag\/compartiendo-cultura\/\"><strong>\u00abCompartiendo Cultura\u00bb<\/strong><\/a>: <em>so\u00f1ar con una Cultura plural, al alcance de todos, sin fronteras f\u00edsicas ni intelectuales que separen a los pueblos. Una Cultura que inspire, d\u00e9 vuelo y anime a m\u00e1s artistas a so\u00f1ar que todo es posible.<\/em><\/p>\n","protected":false},"excerpt":{"rendered":"<p>Por Mt. Erika Guse Cuando en mayo la Usina II llev\u00f3 a cabo \u00a0\u00abForma y Color\u00bb en [&hellip;]<\/p>\n","protected":false},"author":3,"featured_media":17248,"comment_status":"closed","ping_status":"closed","sticky":false,"template":"","format":"standard","meta":{"_jetpack_memberships_contains_paid_content":false,"footnotes":"","jetpack_publicize_message":"","jetpack_publicize_feature_enabled":true,"jetpack_social_post_already_shared":true,"jetpack_social_options":{"image_generator_settings":{"template":"highway","enabled":false}}},"categories":[30,28,47],"tags":[],"jetpack_publicize_connections":[],"jetpack_featured_media_url":"http:\/\/enteculturalsantafesino.com.ar\/usina2\/wp-content\/uploads\/2016\/08\/05477e49-ab08-4faa-be15-4268d7461a9f.jpg","jetpack_sharing_enabled":true,"_links":{"self":[{"href":"http:\/\/enteculturalsantafesino.com.ar\/usina2\/wp-json\/wp\/v2\/posts\/17246"}],"collection":[{"href":"http:\/\/enteculturalsantafesino.com.ar\/usina2\/wp-json\/wp\/v2\/posts"}],"about":[{"href":"http:\/\/enteculturalsantafesino.com.ar\/usina2\/wp-json\/wp\/v2\/types\/post"}],"author":[{"embeddable":true,"href":"http:\/\/enteculturalsantafesino.com.ar\/usina2\/wp-json\/wp\/v2\/users\/3"}],"replies":[{"embeddable":true,"href":"http:\/\/enteculturalsantafesino.com.ar\/usina2\/wp-json\/wp\/v2\/comments?post=17246"}],"version-history":[{"count":0,"href":"http:\/\/enteculturalsantafesino.com.ar\/usina2\/wp-json\/wp\/v2\/posts\/17246\/revisions"}],"wp:featuredmedia":[{"embeddable":true,"href":"http:\/\/enteculturalsantafesino.com.ar\/usina2\/wp-json\/wp\/v2\/media\/17248"}],"wp:attachment":[{"href":"http:\/\/enteculturalsantafesino.com.ar\/usina2\/wp-json\/wp\/v2\/media?parent=17246"}],"wp:term":[{"taxonomy":"category","embeddable":true,"href":"http:\/\/enteculturalsantafesino.com.ar\/usina2\/wp-json\/wp\/v2\/categories?post=17246"},{"taxonomy":"post_tag","embeddable":true,"href":"http:\/\/enteculturalsantafesino.com.ar\/usina2\/wp-json\/wp\/v2\/tags?post=17246"}],"curies":[{"name":"wp","href":"https:\/\/api.w.org\/{rel}","templated":true}]}}