{"id":17251,"date":"2016-08-13T15:23:49","date_gmt":"2016-08-13T15:23:49","guid":{"rendered":"http:\/\/entecultura.com.ar\/usina2\/?p=17251"},"modified":"2016-08-13T15:23:49","modified_gmt":"2016-08-13T15:23:49","slug":"canta-conmigo-se-presento-en-la-casa-del-bicentenario-de-maria-juana","status":"publish","type":"post","link":"http:\/\/enteculturalsantafesino.com.ar\/usina2\/2016\/08\/canta-conmigo-se-presento-en-la-casa-del-bicentenario-de-maria-juana\/","title":{"rendered":"\u00abCant\u00e1 Conmigo\u00bb se present\u00f3 en la Casa del Bicentenario de Mar\u00eda Juana"},"content":{"rendered":"<blockquote><p>10 canciones, 10 compositores, 10 pueblos. En ellos un interior que quiere hacerse escuchar\u2026<\/p><\/blockquote>\n<p>En la noche del <strong>viernes 12 de agosto<\/strong>, la<strong> Casa de la Historia y la Cultura del Bicentenario<\/strong> de esa localidad fue el lugar donde se present\u00f3 <strong>\u201cCant\u00e1 Conmigo\u201d<\/strong>, proyecto del <strong>Ente Cultural Santafesino<\/strong>. En el escenario tomo vida uno de los temas que lo integran: <strong>\u201cTe vas\u201d<\/strong>, con letra del <strong>mariajuarense Alfredo Ram\u00f3n Castelli<\/strong>, interpretado por el grupo Ziveria.<\/p>\n<p><a href=\"http:\/\/claudiagiaccone.com.ar\/web\/wp-content\/uploads\/2016\/08\/mariajuana-cantaconmigo4-120816.jpg\" rel=\"lightbox[17251]\"><img loading=\"lazy\" decoding=\"async\" class=\"alignleft size-medium wp-image-1111\" src=\"http:\/\/claudiagiaccone.com.ar\/web\/wp-content\/uploads\/2016\/08\/mariajuana-cantaconmigo4-120816-300x225.jpg\" sizes=\"(max-width: 300px) 100vw, 300px\" srcset=\"http:\/\/claudiagiaccone.com.ar\/web\/wp-content\/uploads\/2016\/08\/mariajuana-cantaconmigo4-120816-300x225.jpg 300w, http:\/\/claudiagiaccone.com.ar\/web\/wp-content\/uploads\/2016\/08\/mariajuana-cantaconmigo4-120816-768x576.jpg 768w, http:\/\/claudiagiaccone.com.ar\/web\/wp-content\/uploads\/2016\/08\/mariajuana-cantaconmigo4-120816-1024x768.jpg 1024w\" alt=\"mariajuana-cantaconmigo4-120816\" width=\"300\" height=\"225\" \/><\/a>El p\u00fablico presente, junto al presidente comunal Amadeo Bazzoni, la Diputada Provincial Claudia Giaccone, el Secretario de Cultura Mart\u00edn Luna, el director de la Usina V Ernesto Paul\u00f3n y el secretario de bloque legislativo Oscar Yodice pudo disfrutar de ese momento art\u00edstico y del excelente video documental que es <strong>\u201cCanta Conmigo\u201d<\/strong>, un trabajo de integraci\u00f3n territorial que permite estimular y difundir lo m\u00e1s reciente de la creaci\u00f3n musical santafesina.<\/p>\n<p>A trav\u00e9s de la Direcci\u00f3n Nacional de Industrias Culturales del Ministerio de Cultura de la Naci\u00f3n (per\u00edodo 2011-2015) y de la Diputada Provincial Claudia Giaccone; se llev\u00f3 a cabo este proyecto que cont\u00f3 con el objetivo de estimular y difundir lo m\u00e1s reciente de la creaci\u00f3n musical santafesina. El Ente Cultural Santafesino convoc\u00f3 durante el a\u00f1o 2014 a compositores santafesinos a participar de dicho concurso el cual fue registrado y supervisado por el Ingeniero Andr\u00e9s Mayo y todo su equipo de trabajo.<\/p>\n<p><a href=\"http:\/\/claudiagiaccone.com.ar\/web\/wp-content\/uploads\/2016\/08\/mariajuana-cantaconmigo9-120816.jpg\" rel=\"lightbox[17251]\"><img loading=\"lazy\" decoding=\"async\" class=\"aligncenter size-large wp-image-1114\" src=\"http:\/\/claudiagiaccone.com.ar\/web\/wp-content\/uploads\/2016\/08\/mariajuana-cantaconmigo9-120816-1024x686.jpg\" sizes=\"(max-width: 747px) 100vw, 747px\" srcset=\"http:\/\/claudiagiaccone.com.ar\/web\/wp-content\/uploads\/2016\/08\/mariajuana-cantaconmigo9-120816-1024x686.jpg 1024w, http:\/\/claudiagiaccone.com.ar\/web\/wp-content\/uploads\/2016\/08\/mariajuana-cantaconmigo9-120816-300x201.jpg 300w, http:\/\/claudiagiaccone.com.ar\/web\/wp-content\/uploads\/2016\/08\/mariajuana-cantaconmigo9-120816-768x514.jpg 768w\" alt=\"mariajuana-cantaconmigo9-120816\" width=\"747\" height=\"500\" \/><\/a><strong>\u201cCant\u00e1 Conmigo\u201d<\/strong> se grab\u00f3, con auspicio de la <strong>Direcci\u00f3n Nacional de Industrias Culturales del Ministerio de Cultura de la Naci\u00f3n<\/strong> (per\u00edodo 2011-2015) y de la Diputada Giaccone, del 21 al 23 de agosto de 2015 en los escenarios naturales de las localidades de: Arroyo Leyes, Ramona y Bouquet junto a los compositores: Canciones al viento \u201cNery Lucero Magno\u201d- Ca\u00f1ada de Ucle, Cruz\u00e1ndote con mi soledad \u201cY que sea Rock\u201d- Ramona, Cuando suenan chacarera \u201cAlberto Mario Sbrasini\u201d- San Genaro, Pintor de sue\u00f1os \u201cCarlos \u201cPiki\u201d Bieri\u201d- Romang, Do\u00f1a Rita \u201cLucho Milocco\u201d- Sastre, Por amor a Mar\u00eda \u201cOrlando Gauna\u201d Arroyo Leyes, Te extra\u00f1o \u201cMart\u00edn Gonz\u00e1lez \u201dBouquet, Te sigo buscando \u201cGonzalo Ben\u00edtez\u201d- Sarmiento, Te vas \u201cAlfredo Ram\u00f3n Castelli\u201d Mar\u00eda Juana, Chacarera a mi pago \u201cFacundo Quiroga\u201d Tostado.<br \/>\nEl objetivo del proyecto fue estimular y difundir lo m\u00e1s reciente de la creaci\u00f3n musical santafesina, y la selecci\u00f3n de m\u00fasicos se realiz\u00f3 a partir de una convocatoria que en 2014 efectu\u00f3 el Ente Cultural Santafesino a compositores santafesinos a participar de dicho concurso, el cual fue registrado y supervisado por el Ingeniero Andr\u00e9s Mayo y todo su equipo de trabajo.<\/p>\n<p>En el video recorre\u00a0el territorio provincial, entre sus intensos colores, sus enormes diversidades, sus variados ritmos de aqu\u00ed y de all\u00e1. Las canciones y sus cantores, nos permitir\u00e1n so\u00f1ar e imaginar cada camino transitado en esta extensa Santa Fe, con sus historias, sus paisajes y sus habitantes\u2026<\/p>\n<p>&nbsp;<\/p>\n","protected":false},"excerpt":{"rendered":"<p>10 canciones, 10 compositores, 10 pueblos. En ellos un interior que quiere hacerse escuchar\u2026 En la noche [&hellip;]<\/p>\n","protected":false},"author":3,"featured_media":17252,"comment_status":"closed","ping_status":"closed","sticky":false,"template":"","format":"standard","meta":{"_jetpack_memberships_contains_paid_content":false,"footnotes":"","jetpack_publicize_message":"","jetpack_publicize_feature_enabled":true,"jetpack_social_post_already_shared":true,"jetpack_social_options":{"image_generator_settings":{"template":"highway","enabled":false}}},"categories":[28,15],"tags":[],"jetpack_publicize_connections":[],"jetpack_featured_media_url":"http:\/\/enteculturalsantafesino.com.ar\/usina2\/wp-content\/uploads\/2016\/08\/IMG_9550.jpg","jetpack_sharing_enabled":true,"_links":{"self":[{"href":"http:\/\/enteculturalsantafesino.com.ar\/usina2\/wp-json\/wp\/v2\/posts\/17251"}],"collection":[{"href":"http:\/\/enteculturalsantafesino.com.ar\/usina2\/wp-json\/wp\/v2\/posts"}],"about":[{"href":"http:\/\/enteculturalsantafesino.com.ar\/usina2\/wp-json\/wp\/v2\/types\/post"}],"author":[{"embeddable":true,"href":"http:\/\/enteculturalsantafesino.com.ar\/usina2\/wp-json\/wp\/v2\/users\/3"}],"replies":[{"embeddable":true,"href":"http:\/\/enteculturalsantafesino.com.ar\/usina2\/wp-json\/wp\/v2\/comments?post=17251"}],"version-history":[{"count":0,"href":"http:\/\/enteculturalsantafesino.com.ar\/usina2\/wp-json\/wp\/v2\/posts\/17251\/revisions"}],"wp:featuredmedia":[{"embeddable":true,"href":"http:\/\/enteculturalsantafesino.com.ar\/usina2\/wp-json\/wp\/v2\/media\/17252"}],"wp:attachment":[{"href":"http:\/\/enteculturalsantafesino.com.ar\/usina2\/wp-json\/wp\/v2\/media?parent=17251"}],"wp:term":[{"taxonomy":"category","embeddable":true,"href":"http:\/\/enteculturalsantafesino.com.ar\/usina2\/wp-json\/wp\/v2\/categories?post=17251"},{"taxonomy":"post_tag","embeddable":true,"href":"http:\/\/enteculturalsantafesino.com.ar\/usina2\/wp-json\/wp\/v2\/tags?post=17251"}],"curies":[{"name":"wp","href":"https:\/\/api.w.org\/{rel}","templated":true}]}}