{"id":17255,"date":"2016-08-23T15:58:53","date_gmt":"2016-08-23T15:58:53","guid":{"rendered":"http:\/\/entecultura.com.ar\/usina2\/?p=17255"},"modified":"2016-08-23T15:58:53","modified_gmt":"2016-08-23T15:58:53","slug":"ramona-con-total-exito-se-desarrollo-el-festival-de-teatro","status":"publish","type":"post","link":"http:\/\/enteculturalsantafesino.com.ar\/usina2\/2016\/08\/ramona-con-total-exito-se-desarrollo-el-festival-de-teatro\/","title":{"rendered":"Ramona: Con total exito se desarrollo el \u00abFestival de Teatro\u00bb"},"content":{"rendered":"<p>Desde hace cinco a\u00f1os, es la oportunidad que tienen los adeptos a este tipo de manifestaciones culturales, de poder disfrutar de arte de calidad.<br \/>\nEsta edici\u00f3n cuenta nuevamente con una organizaci\u00f3n completamente propia, volvi\u00f3 a convertir a Ramona en referencia cultural de la regi\u00f3n, generando la convicci\u00f3n de que con dedicaci\u00f3n y trabajo se puede estar a la altura de las circunstancias y exigencias de un evento de esta magnitud.<\/p>\n<p>La cartelera se desarroll\u00f3 del 18 al 21 de agosto en el Sal\u00f3n del Museo, con la presentaci\u00f3n de \u00abNoche sobre Roma\u00bb, para p\u00fablico adulto, del grupo La Usina de la localidad, estrenando nueva obra, seguramente con sala colmada, en virtud de la permanente aceptaci\u00f3n del p\u00fablico ante las siempre logradas y atrayentes propuestas de los artistas ramonenses.<br \/>\nAdem\u00e1s se cont\u00f3 con la presentaci\u00f3n de la actriz Lisa Caligaris, nacida en Ramona y radicada en Capital Federal, donde desarroll\u00f3 una exitosa carrera actoral, exponiendo su unitario \u00abY finalmente salvarnos\u00bb.<\/p>\n<p>El s\u00e1bado 20 se present\u00f3 desde las 21 horas, \u00a0\u00abLos Arcanas\u00bb de Punto T\/Centro Cultural la M\u00e1scara de la ciudad de Rafaela.<\/p>\n<p>Finalmente, el domingo 21, desde las 17 horas, se pudo disfrutar en el Paseo de la Cascada de la funci\u00f3n de \u00abAy que susto\u00bb, de Dinamita Clown de la capital cordobesa, con entrada libre y gratuita y apta para todo p\u00fablico.<\/p>\n<p>&nbsp;<\/p>\n","protected":false},"excerpt":{"rendered":"<p>Desde hace cinco a\u00f1os, es la oportunidad que tienen los adeptos a este tipo de manifestaciones culturales, [&hellip;]<\/p>\n","protected":false},"author":3,"featured_media":17256,"comment_status":"closed","ping_status":"closed","sticky":false,"template":"","format":"standard","meta":{"_jetpack_memberships_contains_paid_content":false,"footnotes":"","jetpack_publicize_message":"","jetpack_publicize_feature_enabled":true,"jetpack_social_post_already_shared":true,"jetpack_social_options":{"image_generator_settings":{"template":"highway","enabled":false}}},"categories":[31],"tags":[],"jetpack_publicize_connections":[],"jetpack_featured_media_url":"http:\/\/enteculturalsantafesino.com.ar\/usina2\/wp-content\/uploads\/2016\/08\/unnamed-1.jpg","jetpack_sharing_enabled":true,"_links":{"self":[{"href":"http:\/\/enteculturalsantafesino.com.ar\/usina2\/wp-json\/wp\/v2\/posts\/17255"}],"collection":[{"href":"http:\/\/enteculturalsantafesino.com.ar\/usina2\/wp-json\/wp\/v2\/posts"}],"about":[{"href":"http:\/\/enteculturalsantafesino.com.ar\/usina2\/wp-json\/wp\/v2\/types\/post"}],"author":[{"embeddable":true,"href":"http:\/\/enteculturalsantafesino.com.ar\/usina2\/wp-json\/wp\/v2\/users\/3"}],"replies":[{"embeddable":true,"href":"http:\/\/enteculturalsantafesino.com.ar\/usina2\/wp-json\/wp\/v2\/comments?post=17255"}],"version-history":[{"count":0,"href":"http:\/\/enteculturalsantafesino.com.ar\/usina2\/wp-json\/wp\/v2\/posts\/17255\/revisions"}],"wp:featuredmedia":[{"embeddable":true,"href":"http:\/\/enteculturalsantafesino.com.ar\/usina2\/wp-json\/wp\/v2\/media\/17256"}],"wp:attachment":[{"href":"http:\/\/enteculturalsantafesino.com.ar\/usina2\/wp-json\/wp\/v2\/media?parent=17255"}],"wp:term":[{"taxonomy":"category","embeddable":true,"href":"http:\/\/enteculturalsantafesino.com.ar\/usina2\/wp-json\/wp\/v2\/categories?post=17255"},{"taxonomy":"post_tag","embeddable":true,"href":"http:\/\/enteculturalsantafesino.com.ar\/usina2\/wp-json\/wp\/v2\/tags?post=17255"}],"curies":[{"name":"wp","href":"https:\/\/api.w.org\/{rel}","templated":true}]}}