{"id":17258,"date":"2016-08-23T16:00:44","date_gmt":"2016-08-23T16:00:44","guid":{"rendered":"http:\/\/entecultura.com.ar\/usina2\/?p=17258"},"modified":"2016-08-23T16:00:44","modified_gmt":"2016-08-23T16:00:44","slug":"festejo-dia-del-nino-en-bella-italia","status":"publish","type":"post","link":"http:\/\/enteculturalsantafesino.com.ar\/usina2\/2016\/08\/festejo-dia-del-nino-en-bella-italia\/","title":{"rendered":"Festejo D\u00eda del Ni\u00f1o en Bella Italia"},"content":{"rendered":"<p>Como todos los a\u00f1os las instituciones educativas de la localidad, la escuela rural N\u00ba573 Domingo F Sarmiento, la escuela rural N\u00ba625 D. Sarmiento, Escuela N\u00ba 1382 \u00abArmando Williner\u00bb, el jardin Comunal \u00bb Arco Iris\u00bb y la biblioteca Popular \u00abArco Iris\u00bb se reunieron el 17 de agosto para festejar el d\u00eda del Ni\u00f1o los ni\u00f1os donde las maestra se disfrazaron para agasajarlos, tambi\u00e9n disfrutaron del espect\u00e1culo \u00abMimando\u00bb de Juan Jos\u00e8 Vitale,luego las maestras de la escuela N\u00ba 1382 representaron una obra de teatro y como cierre los alumnos\u00a0disfrutaron de una rica chocolatada y tortas.<br \/>\nEnmarcado en hermosa tarde de sol<\/p>\n","protected":false},"excerpt":{"rendered":"<p>Como todos los a\u00f1os las instituciones educativas de la localidad, la escuela rural N\u00ba573 Domingo F Sarmiento, [&hellip;]<\/p>\n","protected":false},"author":3,"featured_media":17259,"comment_status":"closed","ping_status":"closed","sticky":false,"template":"","format":"standard","meta":{"_jetpack_memberships_contains_paid_content":false,"footnotes":"","jetpack_publicize_message":"","jetpack_publicize_feature_enabled":true,"jetpack_social_post_already_shared":true,"jetpack_social_options":{"image_generator_settings":{"template":"highway","enabled":false}}},"categories":[44],"tags":[],"jetpack_publicize_connections":[],"jetpack_featured_media_url":"http:\/\/enteculturalsantafesino.com.ar\/usina2\/wp-content\/uploads\/2016\/08\/unnamed-2.jpg","jetpack_sharing_enabled":true,"_links":{"self":[{"href":"http:\/\/enteculturalsantafesino.com.ar\/usina2\/wp-json\/wp\/v2\/posts\/17258"}],"collection":[{"href":"http:\/\/enteculturalsantafesino.com.ar\/usina2\/wp-json\/wp\/v2\/posts"}],"about":[{"href":"http:\/\/enteculturalsantafesino.com.ar\/usina2\/wp-json\/wp\/v2\/types\/post"}],"author":[{"embeddable":true,"href":"http:\/\/enteculturalsantafesino.com.ar\/usina2\/wp-json\/wp\/v2\/users\/3"}],"replies":[{"embeddable":true,"href":"http:\/\/enteculturalsantafesino.com.ar\/usina2\/wp-json\/wp\/v2\/comments?post=17258"}],"version-history":[{"count":0,"href":"http:\/\/enteculturalsantafesino.com.ar\/usina2\/wp-json\/wp\/v2\/posts\/17258\/revisions"}],"wp:featuredmedia":[{"embeddable":true,"href":"http:\/\/enteculturalsantafesino.com.ar\/usina2\/wp-json\/wp\/v2\/media\/17259"}],"wp:attachment":[{"href":"http:\/\/enteculturalsantafesino.com.ar\/usina2\/wp-json\/wp\/v2\/media?parent=17258"}],"wp:term":[{"taxonomy":"category","embeddable":true,"href":"http:\/\/enteculturalsantafesino.com.ar\/usina2\/wp-json\/wp\/v2\/categories?post=17258"},{"taxonomy":"post_tag","embeddable":true,"href":"http:\/\/enteculturalsantafesino.com.ar\/usina2\/wp-json\/wp\/v2\/tags?post=17258"}],"curies":[{"name":"wp","href":"https:\/\/api.w.org\/{rel}","templated":true}]}}