{"id":17264,"date":"2016-08-24T04:28:13","date_gmt":"2016-08-24T04:28:13","guid":{"rendered":"http:\/\/entecultura.com.ar\/usina2\/?p=17264"},"modified":"2016-08-24T04:28:13","modified_gmt":"2016-08-24T04:28:13","slug":"la-musica-sera-protagonista-del-cabildo-cultural-santafesino-2016","status":"publish","type":"post","link":"http:\/\/enteculturalsantafesino.com.ar\/usina2\/2016\/08\/la-musica-sera-protagonista-del-cabildo-cultural-santafesino-2016\/","title":{"rendered":"La M\u00fasica ser\u00e1 protagonista del \u00abCabildo Cultural Santafesino 2016\u00bb"},"content":{"rendered":"<p><strong>\u201cDiversidad, Experiencias y Propuestas de nuestras m\u00fasica como Identidad\u201d,<\/strong> ser\u00e1 la tem\u00e1tica que se desarrollar\u00e1 del <strong><u>29 de agosto al 3 de septiembre<\/u><\/strong>\u00a0 en el <strong>Cabildo Cultural Santafesino<\/strong>, organizado por el <strong>Ente Cultural.<\/strong><\/p>\n<p>Inici\u00e1ndose en Santa Fe (departamento La Capital), siguiendo por Ramona (departamento Castellano), luego Andino (departamento Iriondo), G\u00f6deken (departamento Gral. L\u00f3pez), Acebal (departamento Rosario), Ambrosetti (departamento San Crist\u00f3bal), para finalizar en Tostado (departamento 9 de Julio), se ir\u00e1 cubriendo el territorio de nuestra provincia, y cada jornada tendr\u00e1 el sabor de un ritmo y generar\u00e1 el debate que atiende prioritariamente a la diversidad cultural y a las diferentes identidades regionales de la provincia.<\/p>\n<p>El <strong>presidente del Ente Cultural Lic Leonardo Carrozza<\/strong> manifest\u00f3 que \u00ab<em>este nuevo Cabildo Cultural viene de la mano con un excelente a\u00f1o originado de este espacio que promueve en forma constante pol\u00edticas culturales de inclusi\u00f3n y proyecci\u00f3n en cada rinc\u00f3n provincial\u00bb.<\/em><\/p>\n<p><em>\u00abLos disertantes de este a\u00f1o nos marcan un gran nivel de participaci\u00f3n en cada uno de los paneles y continuamos con el esp\u00edritu de llegar al interior profundo de nuestra Santa Fe\u00bb.<\/em><\/p>\n<p>Los disertantes del <a href=\"http:\/\/enteculturalsantafesino.com.ar\/cabildo\/2016\/CCS-2016.pdf\"><strong>Cabildo Cultural 2016<\/strong> <\/a>que se destacan en esta nueva edic\u00f3n son: <em>Marcos Camino, Rub\u00e9n Deica, Marcos Castello, Jorge Fandermole, Omar Fiordelmondo,\u00a0Gustavo Dangelo, Nestor Trivero, y Diego Contesti,\u00a0Chiqui Ledesma,\u00a0\u00a0Dr. Roberto Landaburu<\/em>, entre otros.<\/p>\n<p><a href=\"http:\/\/enteculturalsantafesino.com.ar\/usina2\/wp-content\/uploads\/2016\/08\/2016-Cabildo-Cultural-Programa.jpg\" rel=\"lightbox[17264]\"><img loading=\"lazy\" decoding=\"async\" class=\"size-medium wp-image-17265 alignleft\" src=\"http:\/\/enteculturalsantafesino.com.ar\/usina2\/wp-content\/uploads\/2016\/08\/2016-Cabildo-Cultural-Programa-300x174.jpg\" alt=\"2016 Cabildo Cultural Programa\" width=\"300\" height=\"174\" srcset=\"http:\/\/enteculturalsantafesino.com.ar\/usina2\/wp-content\/uploads\/2016\/08\/2016-Cabildo-Cultural-Programa-300x174.jpg 300w, http:\/\/enteculturalsantafesino.com.ar\/usina2\/wp-content\/uploads\/2016\/08\/2016-Cabildo-Cultural-Programa-768x446.jpg 768w, http:\/\/enteculturalsantafesino.com.ar\/usina2\/wp-content\/uploads\/2016\/08\/2016-Cabildo-Cultural-Programa-1024x595.jpg 1024w, http:\/\/enteculturalsantafesino.com.ar\/usina2\/wp-content\/uploads\/2016\/08\/2016-Cabildo-Cultural-Programa.jpg 1200w\" sizes=\"(max-width: 300px) 100vw, 300px\" \/><\/a><\/p>\n<p>&nbsp;<\/p>\n","protected":false},"excerpt":{"rendered":"<p>\u201cDiversidad, Experiencias y Propuestas de nuestras m\u00fasica como Identidad\u201d, ser\u00e1 la tem\u00e1tica que se desarrollar\u00e1 del 29 [&hellip;]<\/p>\n","protected":false},"author":3,"featured_media":17266,"comment_status":"closed","ping_status":"closed","sticky":false,"template":"","format":"standard","meta":{"_jetpack_memberships_contains_paid_content":false,"footnotes":"","jetpack_publicize_message":"","jetpack_publicize_feature_enabled":true,"jetpack_social_post_already_shared":true,"jetpack_social_options":{"image_generator_settings":{"template":"highway","enabled":false}}},"categories":[28],"tags":[],"jetpack_publicize_connections":[],"jetpack_featured_media_url":"http:\/\/enteculturalsantafesino.com.ar\/usina2\/wp-content\/uploads\/2016\/08\/logol-ccs2016.png","jetpack_sharing_enabled":true,"_links":{"self":[{"href":"http:\/\/enteculturalsantafesino.com.ar\/usina2\/wp-json\/wp\/v2\/posts\/17264"}],"collection":[{"href":"http:\/\/enteculturalsantafesino.com.ar\/usina2\/wp-json\/wp\/v2\/posts"}],"about":[{"href":"http:\/\/enteculturalsantafesino.com.ar\/usina2\/wp-json\/wp\/v2\/types\/post"}],"author":[{"embeddable":true,"href":"http:\/\/enteculturalsantafesino.com.ar\/usina2\/wp-json\/wp\/v2\/users\/3"}],"replies":[{"embeddable":true,"href":"http:\/\/enteculturalsantafesino.com.ar\/usina2\/wp-json\/wp\/v2\/comments?post=17264"}],"version-history":[{"count":0,"href":"http:\/\/enteculturalsantafesino.com.ar\/usina2\/wp-json\/wp\/v2\/posts\/17264\/revisions"}],"wp:featuredmedia":[{"embeddable":true,"href":"http:\/\/enteculturalsantafesino.com.ar\/usina2\/wp-json\/wp\/v2\/media\/17266"}],"wp:attachment":[{"href":"http:\/\/enteculturalsantafesino.com.ar\/usina2\/wp-json\/wp\/v2\/media?parent=17264"}],"wp:term":[{"taxonomy":"category","embeddable":true,"href":"http:\/\/enteculturalsantafesino.com.ar\/usina2\/wp-json\/wp\/v2\/categories?post=17264"},{"taxonomy":"post_tag","embeddable":true,"href":"http:\/\/enteculturalsantafesino.com.ar\/usina2\/wp-json\/wp\/v2\/tags?post=17264"}],"curies":[{"name":"wp","href":"https:\/\/api.w.org\/{rel}","templated":true}]}}