{"id":17277,"date":"2016-08-26T14:57:28","date_gmt":"2016-08-26T14:57:28","guid":{"rendered":"http:\/\/entecultura.com.ar\/usina2\/?p=17277"},"modified":"2016-08-26T14:57:28","modified_gmt":"2016-08-26T14:57:28","slug":"el-premio-julio-migno-ya-se-encuentra-en-la-comunidad-de-ramona","status":"publish","type":"post","link":"http:\/\/enteculturalsantafesino.com.ar\/usina2\/2016\/08\/el-premio-julio-migno-ya-se-encuentra-en-la-comunidad-de-ramona\/","title":{"rendered":"El premio \u00abJulio Migno\u00bb ya se encuentra en la comunidad de Ramona"},"content":{"rendered":"<p>Durante la ma\u00f1ana del<strong> viernes 26<\/strong> el <strong>Presidente del Ente Cultural Santafesino<\/strong>\u00a0<strong>Lic.Leonardo Carrozza<\/strong>, viaj\u00f3 hacia la comunidad de <strong>Ramona<\/strong> con el objetivo de hacer entrega e iniciar el segundo tramo del recorrido del <strong>Premio \u00abJulio Migno\u00bb<\/strong>\u00a0por las comunidades de la<strong> Usina Cultural II.<\/strong><\/p>\n<p>Al Secretario de Cultura de Mar\u00eda Susana lo recibieron el <strong>Presidente Comunal Dr. Fabio Barbero<\/strong> y el <strong>Secretario de Cultura local Maximiliano Depetris.<\/strong><\/p>\n<p><em>El Premio, que es corporizado por una estatuilla del sacerdote Florian Pauke abrazando un ni\u00f1o ind\u00edgena, parti\u00f3 desde San Javier luego de un encuentro en la Iglesia de esa ciudad, siendo trasladado hasta Helvecia por una comitiva. Se inicia as\u00ed una gira por m\u00e1s de 90 localidades de la provincia de Santa Fe, promoviendo su difusi\u00f3n y posibilitando que cada rinc\u00f3n santafesino proponga aspirantes a esta recompensa: un premio que anhelamos tenga el prestigio necesario para ser un digno reconocimiento a quien lo reciba<\/em>.<\/p>\n<p>El <strong>Director de la Usina II Maximiliano Depetris<\/strong> manifest\u00f3 que a partir de hoy se inicia el recorrido por las comunidades que integran nuestra Usina dentro de los departamentos: <em>Castellanos, Las Colonias y San Martin.<\/em><\/p>\n<p>El\u00a0<strong>Premio \u201cJulio Migno<\/strong><strong>\u201d <\/strong>continua con su recorrido provincial.<b>\u00a0<\/b>El<b> s\u00e1bado 27 <\/b>llegar\u00e1 a la<b> comunidad de Bauer y Sigel.<\/b><\/p>\n","protected":false},"excerpt":{"rendered":"<p>Durante la ma\u00f1ana del viernes 26 el Presidente del Ente Cultural Santafesino\u00a0Lic.Leonardo Carrozza, viaj\u00f3 hacia la comunidad [&hellip;]<\/p>\n","protected":false},"author":3,"featured_media":17278,"comment_status":"closed","ping_status":"closed","sticky":false,"template":"","format":"standard","meta":{"_jetpack_memberships_contains_paid_content":false,"footnotes":"","jetpack_publicize_message":"","jetpack_publicize_feature_enabled":true,"jetpack_social_post_already_shared":true,"jetpack_social_options":{"image_generator_settings":{"template":"highway","enabled":false}}},"categories":[28,31],"tags":[],"jetpack_publicize_connections":[],"jetpack_featured_media_url":"http:\/\/enteculturalsantafesino.com.ar\/usina2\/wp-content\/uploads\/2016\/08\/IMG_1006.jpg","jetpack_sharing_enabled":true,"_links":{"self":[{"href":"http:\/\/enteculturalsantafesino.com.ar\/usina2\/wp-json\/wp\/v2\/posts\/17277"}],"collection":[{"href":"http:\/\/enteculturalsantafesino.com.ar\/usina2\/wp-json\/wp\/v2\/posts"}],"about":[{"href":"http:\/\/enteculturalsantafesino.com.ar\/usina2\/wp-json\/wp\/v2\/types\/post"}],"author":[{"embeddable":true,"href":"http:\/\/enteculturalsantafesino.com.ar\/usina2\/wp-json\/wp\/v2\/users\/3"}],"replies":[{"embeddable":true,"href":"http:\/\/enteculturalsantafesino.com.ar\/usina2\/wp-json\/wp\/v2\/comments?post=17277"}],"version-history":[{"count":0,"href":"http:\/\/enteculturalsantafesino.com.ar\/usina2\/wp-json\/wp\/v2\/posts\/17277\/revisions"}],"wp:featuredmedia":[{"embeddable":true,"href":"http:\/\/enteculturalsantafesino.com.ar\/usina2\/wp-json\/wp\/v2\/media\/17278"}],"wp:attachment":[{"href":"http:\/\/enteculturalsantafesino.com.ar\/usina2\/wp-json\/wp\/v2\/media?parent=17277"}],"wp:term":[{"taxonomy":"category","embeddable":true,"href":"http:\/\/enteculturalsantafesino.com.ar\/usina2\/wp-json\/wp\/v2\/categories?post=17277"},{"taxonomy":"post_tag","embeddable":true,"href":"http:\/\/enteculturalsantafesino.com.ar\/usina2\/wp-json\/wp\/v2\/tags?post=17277"}],"curies":[{"name":"wp","href":"https:\/\/api.w.org\/{rel}","templated":true}]}}