{"id":17281,"date":"2016-08-27T21:52:03","date_gmt":"2016-08-27T21:52:03","guid":{"rendered":"http:\/\/entecultura.com.ar\/usina2\/?p=17281"},"modified":"2016-08-27T21:52:37","modified_gmt":"2016-08-27T21:52:37","slug":"la-localidad-de-bauer-y-sigel-recibio-al-premio-julio-migno","status":"publish","type":"post","link":"http:\/\/enteculturalsantafesino.com.ar\/usina2\/2016\/08\/la-localidad-de-bauer-y-sigel-recibio-al-premio-julio-migno\/","title":{"rendered":"La localidad de Bauer y Sigel recibi\u00f3 al Premio \u00abJulio Migno\u00bb"},"content":{"rendered":"<p>La comunidad perteneciente al Depto Castellanos, ubicada \u00a0sobre la Ruta Provincial 22 a 25 km al norte de San Francisco durante la ma\u00f1ana del <strong>s\u00e1bado 27<\/strong> recibi\u00f3 en manos del<strong> Presidente Comunal de Ramona Dr Fabio Barbero<\/strong> y de su<strong> Secretario de Cultura Maximiliano Depetris<\/strong> al premio <strong>\u00abJulio Migno\u00bb<\/strong>.<\/p>\n<p>La<strong>\u00a0Presidenta Comunal Ana Maria Cer\u00e9<\/strong> y la responsable de cultura <strong>Jaquelina Canavesio<\/strong> agradecieron la visita de los funcionarios ramonenses, continuando as\u00ed con el recorrido propuesto por los integrantes del <strong>Ente Cultural Santafesino.<\/strong><\/p>\n<p><em>El Premio, que es corporizado por una estatuilla del sacerdote Florian Pauke abrazando un ni\u00f1o ind\u00edgena, parti\u00f3 desde San Javier luego de un encuentro en la Iglesia de esa ciudad, siendo trasladado hasta Helvecia por una comitiva. Se inicia as\u00ed una gira por m\u00e1s de 90 localidades de la provincia de Santa Fe, promoviendo su difusi\u00f3n y posibilitando que cada rinc\u00f3n santafesino proponga aspirantes a esta recompensa: un premio que anhela tener el prestigio necesario para ser un digno reconocimiento a quien lo reciba<\/em>.<\/p>\n<p>El <strong>domingo 28<\/strong> el <strong>Premio \u00abJulio Migno\u00bb<\/strong> llegar\u00e1 a la comunidad de <strong>Bella Italia.<\/strong><\/p>\n","protected":false},"excerpt":{"rendered":"<p>La comunidad perteneciente al Depto Castellanos, ubicada \u00a0sobre la Ruta Provincial 22 a 25 km al norte [&hellip;]<\/p>\n","protected":false},"author":3,"featured_media":17279,"comment_status":"closed","ping_status":"closed","sticky":false,"template":"","format":"standard","meta":{"_jetpack_memberships_contains_paid_content":false,"footnotes":"","jetpack_publicize_message":"","jetpack_publicize_feature_enabled":true,"jetpack_social_post_already_shared":true,"jetpack_social_options":{"image_generator_settings":{"template":"highway","enabled":false}}},"categories":[48,28],"tags":[],"jetpack_publicize_connections":[],"jetpack_featured_media_url":"http:\/\/enteculturalsantafesino.com.ar\/usina2\/wp-content\/uploads\/2016\/08\/IMG_1009.jpg","jetpack_sharing_enabled":true,"_links":{"self":[{"href":"http:\/\/enteculturalsantafesino.com.ar\/usina2\/wp-json\/wp\/v2\/posts\/17281"}],"collection":[{"href":"http:\/\/enteculturalsantafesino.com.ar\/usina2\/wp-json\/wp\/v2\/posts"}],"about":[{"href":"http:\/\/enteculturalsantafesino.com.ar\/usina2\/wp-json\/wp\/v2\/types\/post"}],"author":[{"embeddable":true,"href":"http:\/\/enteculturalsantafesino.com.ar\/usina2\/wp-json\/wp\/v2\/users\/3"}],"replies":[{"embeddable":true,"href":"http:\/\/enteculturalsantafesino.com.ar\/usina2\/wp-json\/wp\/v2\/comments?post=17281"}],"version-history":[{"count":0,"href":"http:\/\/enteculturalsantafesino.com.ar\/usina2\/wp-json\/wp\/v2\/posts\/17281\/revisions"}],"wp:featuredmedia":[{"embeddable":true,"href":"http:\/\/enteculturalsantafesino.com.ar\/usina2\/wp-json\/wp\/v2\/media\/17279"}],"wp:attachment":[{"href":"http:\/\/enteculturalsantafesino.com.ar\/usina2\/wp-json\/wp\/v2\/media?parent=17281"}],"wp:term":[{"taxonomy":"category","embeddable":true,"href":"http:\/\/enteculturalsantafesino.com.ar\/usina2\/wp-json\/wp\/v2\/categories?post=17281"},{"taxonomy":"post_tag","embeddable":true,"href":"http:\/\/enteculturalsantafesino.com.ar\/usina2\/wp-json\/wp\/v2\/tags?post=17281"}],"curies":[{"name":"wp","href":"https:\/\/api.w.org\/{rel}","templated":true}]}}