{"id":17284,"date":"2016-08-28T15:57:30","date_gmt":"2016-08-28T15:57:30","guid":{"rendered":"http:\/\/entecultura.com.ar\/usina2\/?p=17284"},"modified":"2016-08-28T15:57:30","modified_gmt":"2016-08-28T15:57:30","slug":"el-premio-julio-migno-llego-a-bella-italia","status":"publish","type":"post","link":"http:\/\/enteculturalsantafesino.com.ar\/usina2\/2016\/08\/el-premio-julio-migno-llego-a-bella-italia\/","title":{"rendered":"El premio \u00abJulio Migno\u00bb lleg\u00f3 a Bella Italia"},"content":{"rendered":"<p>La\u00a0comunidad \u00a0de <strong>Bella Italia<\/strong>\u00a0perteneciente al Depto Castellanos, ubicada \u00a0sobre la Ruta \u00a070\u00a0durante la ma\u00f1ana del\u00a0<b>doming<\/b>o<strong>\u00a028\u00a0<\/strong>recibi\u00f3\u00a0 a<strong>l\u00a0premio\u00a0\u00abJulio Migno\u00bb\u00a0<\/strong><\/p>\n<p>El\u00a0<strong> Presidente\u00a0Comunal H\u00e9ctor Perotti, ,\u00a0<\/strong>\u00a0la referentes culturales\u00a0<strong>Susana Aguilar, Silvia Villava<\/strong>, el <strong>Comisario V\u00edctor Carpio<\/strong> junto a\u00a0 personal de la sub\u00a0comisaria 27 de Bella Italia,el Se\u00f1or <strong>Ricardo Gutierrez<\/strong> y el <strong>Payador Jorge Olmos<\/strong> agradecieron su paso por la localidad,\u00a0continuando as\u00ed con el recorrido propuesto por los integrantes del\u00a0<strong>Ente Cultural Santafesino.<\/strong><\/p>\n<p><em>El Premio, que es corporizado por una estatuilla del sacerdote Florian Pauke abrazando un ni\u00f1o ind\u00edgena, parti\u00f3 desde San Javier luego de un encuentro en la Iglesia de esa ciudad, siendo trasladado hasta Helvecia por una comitiva. Se inicia as\u00ed una gira por m\u00e1s de 90 localidades de la provincia de Santa Fe, promoviendo su difusi\u00f3n y posibilitando que cada rinc\u00f3n santafesino proponga aspirantes a esta recompensa: un premio que anhela tener el prestigio necesario para ser un digno reconocimiento a quien lo reciba<\/em>.<\/p>\n<p>El Lunes<strong>\u00a029<\/strong>\u00a0el\u00a0<strong>Premio \u00abJulio Migno\u00bb<\/strong>\u00a0llegar\u00e1 a la comunidad\u00a0de <b>Nuevo Torino<\/b><\/p>\n","protected":false},"excerpt":{"rendered":"<p>La\u00a0comunidad \u00a0de Bella Italia\u00a0perteneciente al Depto Castellanos, ubicada \u00a0sobre la Ruta \u00a070\u00a0durante la ma\u00f1ana del\u00a0domingo\u00a028\u00a0recibi\u00f3\u00a0 al\u00a0premio\u00a0\u00abJulio Migno\u00bb\u00a0 [&hellip;]<\/p>\n","protected":false},"author":3,"featured_media":17285,"comment_status":"closed","ping_status":"closed","sticky":false,"template":"","format":"standard","meta":{"_jetpack_memberships_contains_paid_content":false,"footnotes":"","jetpack_publicize_message":"","jetpack_publicize_feature_enabled":true,"jetpack_social_post_already_shared":true,"jetpack_social_options":{"image_generator_settings":{"template":"highway","enabled":false}}},"categories":[44],"tags":[],"jetpack_publicize_connections":[],"jetpack_featured_media_url":"http:\/\/enteculturalsantafesino.com.ar\/usina2\/wp-content\/uploads\/2016\/08\/IMG-20160828-WA0002.jpg","jetpack_sharing_enabled":true,"_links":{"self":[{"href":"http:\/\/enteculturalsantafesino.com.ar\/usina2\/wp-json\/wp\/v2\/posts\/17284"}],"collection":[{"href":"http:\/\/enteculturalsantafesino.com.ar\/usina2\/wp-json\/wp\/v2\/posts"}],"about":[{"href":"http:\/\/enteculturalsantafesino.com.ar\/usina2\/wp-json\/wp\/v2\/types\/post"}],"author":[{"embeddable":true,"href":"http:\/\/enteculturalsantafesino.com.ar\/usina2\/wp-json\/wp\/v2\/users\/3"}],"replies":[{"embeddable":true,"href":"http:\/\/enteculturalsantafesino.com.ar\/usina2\/wp-json\/wp\/v2\/comments?post=17284"}],"version-history":[{"count":0,"href":"http:\/\/enteculturalsantafesino.com.ar\/usina2\/wp-json\/wp\/v2\/posts\/17284\/revisions"}],"wp:featuredmedia":[{"embeddable":true,"href":"http:\/\/enteculturalsantafesino.com.ar\/usina2\/wp-json\/wp\/v2\/media\/17285"}],"wp:attachment":[{"href":"http:\/\/enteculturalsantafesino.com.ar\/usina2\/wp-json\/wp\/v2\/media?parent=17284"}],"wp:term":[{"taxonomy":"category","embeddable":true,"href":"http:\/\/enteculturalsantafesino.com.ar\/usina2\/wp-json\/wp\/v2\/categories?post=17284"},{"taxonomy":"post_tag","embeddable":true,"href":"http:\/\/enteculturalsantafesino.com.ar\/usina2\/wp-json\/wp\/v2\/tags?post=17284"}],"curies":[{"name":"wp","href":"https:\/\/api.w.org\/{rel}","templated":true}]}}