{"id":17287,"date":"2016-08-30T09:51:16","date_gmt":"2016-08-30T09:51:16","guid":{"rendered":"http:\/\/entecultura.com.ar\/usina2\/?p=17287"},"modified":"2016-08-30T09:52:51","modified_gmt":"2016-08-30T09:52:51","slug":"el-premio-julio-migno-fue-recibido-en-la-comuna-de-nuevo-torino","status":"publish","type":"post","link":"http:\/\/enteculturalsantafesino.com.ar\/usina2\/2016\/08\/el-premio-julio-migno-fue-recibido-en-la-comuna-de-nuevo-torino\/","title":{"rendered":"El premio \u00abJulio Migno\u00bb fue recibido en la Comuna de Nuevo Torino"},"content":{"rendered":"<p>El<strong>\u00a0lunes 29 <\/strong>en la\u00a0localidad\u00a0de <strong>Nuevo Torino,<\/strong>\u00a0departamento Las Colonias, ubicada en el cruce de las rutas provinciales n\u00b0 70 y n\u00b0 10, a 70 km. de la ciudad de Santa Fe lleg\u00f3 la estatuilla que premiara al destacado cultural santafesino.<\/p>\n<p>El Presidente Comunal, Don Juan Carlos Imsteyf, la referente de Cultura Ana M. Rossi y los empleados administrativos, Marta E. R\u00edos, Patricia Bartizzaghi, Roberto Stoffel y M\u00f3nica Hilgert\u00a0 reciben en la ma\u00f1ana el Premio \u00abJulio Migno\u00bb en la Administraci\u00f3n Comunal, quien fue entregado por el jefe comunal de Bella Italia H\u00e9ctor Perotti y luego seguir\u00e1 su visita en la localidad vecina de Felicia.<\/p>\n<p><strong>As\u00ed se ir\u00e1 promoviendo en m\u00e1s de 90 localidades de Santa Fe su difusi\u00f3n y posibilitando que cada rinc\u00f3n santafesino proponga aspirantes a esta recompensa: un premio que anhela tener el prestigio necesario para ser un digno reconocimiento a quien lo reciba.<\/strong><\/p>\n<p>Su camino seguir\u00e1 en:<strong> Felicia, Grutly, Sarmiento, Ataliva, para finalizar el recorrido por la Usina Cultural II en La Pelada<\/strong><\/p>\n","protected":false},"excerpt":{"rendered":"<p>El\u00a0lunes 29 en la\u00a0localidad\u00a0de Nuevo Torino,\u00a0departamento Las Colonias, ubicada en el cruce de las rutas provinciales n\u00b0 [&hellip;]<\/p>\n","protected":false},"author":3,"featured_media":17288,"comment_status":"closed","ping_status":"closed","sticky":false,"template":"","format":"standard","meta":{"_jetpack_memberships_contains_paid_content":false,"footnotes":"","jetpack_publicize_message":"","jetpack_publicize_feature_enabled":true,"jetpack_social_post_already_shared":true,"jetpack_social_options":{"image_generator_settings":{"template":"highway","enabled":false}}},"categories":[28,41],"tags":[],"jetpack_publicize_connections":[],"jetpack_featured_media_url":"http:\/\/enteculturalsantafesino.com.ar\/usina2\/wp-content\/uploads\/2016\/08\/2.jpg","jetpack_sharing_enabled":true,"_links":{"self":[{"href":"http:\/\/enteculturalsantafesino.com.ar\/usina2\/wp-json\/wp\/v2\/posts\/17287"}],"collection":[{"href":"http:\/\/enteculturalsantafesino.com.ar\/usina2\/wp-json\/wp\/v2\/posts"}],"about":[{"href":"http:\/\/enteculturalsantafesino.com.ar\/usina2\/wp-json\/wp\/v2\/types\/post"}],"author":[{"embeddable":true,"href":"http:\/\/enteculturalsantafesino.com.ar\/usina2\/wp-json\/wp\/v2\/users\/3"}],"replies":[{"embeddable":true,"href":"http:\/\/enteculturalsantafesino.com.ar\/usina2\/wp-json\/wp\/v2\/comments?post=17287"}],"version-history":[{"count":0,"href":"http:\/\/enteculturalsantafesino.com.ar\/usina2\/wp-json\/wp\/v2\/posts\/17287\/revisions"}],"wp:featuredmedia":[{"embeddable":true,"href":"http:\/\/enteculturalsantafesino.com.ar\/usina2\/wp-json\/wp\/v2\/media\/17288"}],"wp:attachment":[{"href":"http:\/\/enteculturalsantafesino.com.ar\/usina2\/wp-json\/wp\/v2\/media?parent=17287"}],"wp:term":[{"taxonomy":"category","embeddable":true,"href":"http:\/\/enteculturalsantafesino.com.ar\/usina2\/wp-json\/wp\/v2\/categories?post=17287"},{"taxonomy":"post_tag","embeddable":true,"href":"http:\/\/enteculturalsantafesino.com.ar\/usina2\/wp-json\/wp\/v2\/tags?post=17287"}],"curies":[{"name":"wp","href":"https:\/\/api.w.org\/{rel}","templated":true}]}}