{"id":17297,"date":"2016-08-31T16:46:45","date_gmt":"2016-08-31T16:46:45","guid":{"rendered":"http:\/\/entecultura.com.ar\/usina2\/?p=17297"},"modified":"2016-08-31T16:46:45","modified_gmt":"2016-08-31T16:46:45","slug":"el-premio-julio-migno-llego-a-la-localidad-de-grutly","status":"publish","type":"post","link":"http:\/\/enteculturalsantafesino.com.ar\/usina2\/2016\/08\/el-premio-julio-migno-llego-a-la-localidad-de-grutly\/","title":{"rendered":"El premio \u00abJulio Migno\u00bb lleg\u00f3 a la localidad de Gr\u00fctly"},"content":{"rendered":"<p>&nbsp;<\/p>\n<p>La comunidad perteneciente al Depto Las Colonias, durante la ma\u00f1ana del <strong>mi\u00e9rcoles 31\u00a0<\/strong>recibi\u00f3 en manos del<strong>\u00a0Vicepresidente Comunal de Felicia\u00a0<\/strong>y de su\u00a0<strong>Secretaria de Cultura Erika Guse<\/strong>\u00a0el premio <strong>\u201cJulio Migno\u201d<\/strong>.<\/p>\n<p>El <strong>Presidente Comunal Jorge Nicollier<\/strong>\u00a0\u00a0agradeci\u00f3 la visita de los vecinos de <strong>Felicia<\/strong>, continuando as\u00ed con el recorrido propuesto por los integrantes del <strong>Ente Cultural Santafesino.<\/strong><\/p>\n<p><em>El Premio, que es corporizado por una estatuilla del sacerdote Florian Pauke abrazando un ni\u00f1o ind\u00edgena, parti\u00f3 desde San Javier luego de un encuentro en la Iglesia de esa ciudad, siendo trasladado hasta Helvecia por una comitiva. Se inicia as\u00ed una gira por m\u00e1s de 90 localidades de la provincia de Santa Fe, promoviendo su difusi\u00f3n y posibilitando que cada rinc\u00f3n santafesino proponga aspirantes a esta recompensa: un premio que anhela tener el prestigio necesario para ser un digno reconocimiento a quien lo reciba<\/em>.<\/p>\n<p>El <strong>jueves 1<\/strong>\u00a0el <strong>Premio \u201cJulio Migno\u201d<\/strong> llegar\u00e1 a la comunidad de <strong>Ataliva.<\/strong><\/p>\n<p>&nbsp;<\/p>\n","protected":false},"excerpt":{"rendered":"<p>&nbsp; La comunidad perteneciente al Depto Las Colonias, durante la ma\u00f1ana del mi\u00e9rcoles 31\u00a0recibi\u00f3 en manos del\u00a0Vicepresidente [&hellip;]<\/p>\n","protected":false},"author":3,"featured_media":17298,"comment_status":"closed","ping_status":"closed","sticky":false,"template":"","format":"standard","meta":{"_jetpack_memberships_contains_paid_content":false,"footnotes":"","jetpack_publicize_message":"","jetpack_publicize_feature_enabled":true,"jetpack_social_post_already_shared":true,"jetpack_social_options":{"image_generator_settings":{"template":"highway","enabled":false}}},"categories":[28,47],"tags":[],"jetpack_publicize_connections":[],"jetpack_featured_media_url":"http:\/\/enteculturalsantafesino.com.ar\/usina2\/wp-content\/uploads\/2016\/08\/IMG_1830.jpg","jetpack_sharing_enabled":true,"_links":{"self":[{"href":"http:\/\/enteculturalsantafesino.com.ar\/usina2\/wp-json\/wp\/v2\/posts\/17297"}],"collection":[{"href":"http:\/\/enteculturalsantafesino.com.ar\/usina2\/wp-json\/wp\/v2\/posts"}],"about":[{"href":"http:\/\/enteculturalsantafesino.com.ar\/usina2\/wp-json\/wp\/v2\/types\/post"}],"author":[{"embeddable":true,"href":"http:\/\/enteculturalsantafesino.com.ar\/usina2\/wp-json\/wp\/v2\/users\/3"}],"replies":[{"embeddable":true,"href":"http:\/\/enteculturalsantafesino.com.ar\/usina2\/wp-json\/wp\/v2\/comments?post=17297"}],"version-history":[{"count":0,"href":"http:\/\/enteculturalsantafesino.com.ar\/usina2\/wp-json\/wp\/v2\/posts\/17297\/revisions"}],"wp:featuredmedia":[{"embeddable":true,"href":"http:\/\/enteculturalsantafesino.com.ar\/usina2\/wp-json\/wp\/v2\/media\/17298"}],"wp:attachment":[{"href":"http:\/\/enteculturalsantafesino.com.ar\/usina2\/wp-json\/wp\/v2\/media?parent=17297"}],"wp:term":[{"taxonomy":"category","embeddable":true,"href":"http:\/\/enteculturalsantafesino.com.ar\/usina2\/wp-json\/wp\/v2\/categories?post=17297"},{"taxonomy":"post_tag","embeddable":true,"href":"http:\/\/enteculturalsantafesino.com.ar\/usina2\/wp-json\/wp\/v2\/tags?post=17297"}],"curies":[{"name":"wp","href":"https:\/\/api.w.org\/{rel}","templated":true}]}}