{"id":17306,"date":"2016-09-01T12:16:51","date_gmt":"2016-09-01T12:16:51","guid":{"rendered":"http:\/\/entecultura.com.ar\/usina2\/?p=17306"},"modified":"2016-09-01T12:16:51","modified_gmt":"2016-09-01T12:16:51","slug":"con-sabores-santafesinos-paso-por-ramona-la-segunda-jornada-del-cabildo-cultural","status":"publish","type":"post","link":"http:\/\/enteculturalsantafesino.com.ar\/usina2\/2016\/09\/con-sabores-santafesinos-paso-por-ramona-la-segunda-jornada-del-cabildo-cultural\/","title":{"rendered":"Con \u00absabores santafesinos\u00bb pas\u00f3 por Ramona la segunda jornada del Cabildo Cultural"},"content":{"rendered":"\n\t\t<style type=\"text\/css\">\n\t\t\t#gallery-1 {\n\t\t\t\tmargin: auto;\n\t\t\t}\n\t\t\t#gallery-1 .gallery-item {\n\t\t\t\tfloat: left;\n\t\t\t\tmargin-top: 10px;\n\t\t\t\ttext-align: center;\n\t\t\t\twidth: 14%;\n\t\t\t}\n\t\t\t#gallery-1 img {\n\t\t\t\tborder: 2px solid #cfcfcf;\n\t\t\t}\n\t\t\t#gallery-1 .gallery-caption {\n\t\t\t\tmargin-left: 0;\n\t\t\t}\n\t\t\t\/* see gallery_shortcode() in wp-includes\/media.php *\/\n\t\t<\/style>\n\t\t<div id='gallery-1' class='gallery galleryid-17306 gallery-columns-7 gallery-size-thumbnail'><dl class='gallery-item'>\n\t\t\t<dt class='gallery-icon landscape'>\n\t\t\t\t<a href='http:\/\/enteculturalsantafesino.com.ar\/usina2\/2016\/09\/con-sabores-santafesinos-paso-por-ramona-la-segunda-jornada-del-cabildo-cultural\/img_1770\/'><img loading=\"lazy\" decoding=\"async\" width=\"150\" height=\"150\" src=\"http:\/\/enteculturalsantafesino.com.ar\/usina2\/wp-content\/uploads\/2016\/09\/IMG_1770-150x150.jpg\" class=\"attachment-thumbnail size-thumbnail\" alt=\"\" srcset=\"http:\/\/enteculturalsantafesino.com.ar\/usina2\/wp-content\/uploads\/2016\/09\/IMG_1770-150x150.jpg 150w, http:\/\/enteculturalsantafesino.com.ar\/usina2\/wp-content\/uploads\/2016\/09\/IMG_1770-53x53.jpg 53w\" sizes=\"(max-width: 150px) 100vw, 150px\" \/><\/a>\n\t\t\t<\/dt><\/dl><dl class='gallery-item'>\n\t\t\t<dt class='gallery-icon landscape'>\n\t\t\t\t<a href='http:\/\/enteculturalsantafesino.com.ar\/usina2\/2016\/09\/con-sabores-santafesinos-paso-por-ramona-la-segunda-jornada-del-cabildo-cultural\/img_1596\/'><img loading=\"lazy\" decoding=\"async\" width=\"150\" height=\"150\" src=\"http:\/\/enteculturalsantafesino.com.ar\/usina2\/wp-content\/uploads\/2016\/09\/IMG_1596-150x150.jpg\" class=\"attachment-thumbnail size-thumbnail\" alt=\"\" srcset=\"http:\/\/enteculturalsantafesino.com.ar\/usina2\/wp-content\/uploads\/2016\/09\/IMG_1596-150x150.jpg 150w, http:\/\/enteculturalsantafesino.com.ar\/usina2\/wp-content\/uploads\/2016\/09\/IMG_1596-53x53.jpg 53w\" sizes=\"(max-width: 150px) 100vw, 150px\" \/><\/a>\n\t\t\t<\/dt><\/dl><dl class='gallery-item'>\n\t\t\t<dt class='gallery-icon landscape'>\n\t\t\t\t<a href='http:\/\/enteculturalsantafesino.com.ar\/usina2\/2016\/09\/con-sabores-santafesinos-paso-por-ramona-la-segunda-jornada-del-cabildo-cultural\/img_1592\/'><img loading=\"lazy\" decoding=\"async\" width=\"150\" height=\"150\" src=\"http:\/\/enteculturalsantafesino.com.ar\/usina2\/wp-content\/uploads\/2016\/09\/IMG_1592-150x150.jpg\" class=\"attachment-thumbnail size-thumbnail\" alt=\"\" srcset=\"http:\/\/enteculturalsantafesino.com.ar\/usina2\/wp-content\/uploads\/2016\/09\/IMG_1592-150x150.jpg 150w, http:\/\/enteculturalsantafesino.com.ar\/usina2\/wp-content\/uploads\/2016\/09\/IMG_1592-53x53.jpg 53w\" sizes=\"(max-width: 150px) 100vw, 150px\" \/><\/a>\n\t\t\t<\/dt><\/dl><dl class='gallery-item'>\n\t\t\t<dt class='gallery-icon landscape'>\n\t\t\t\t<a href='http:\/\/enteculturalsantafesino.com.ar\/usina2\/2016\/09\/con-sabores-santafesinos-paso-por-ramona-la-segunda-jornada-del-cabildo-cultural\/img_1594\/'><img loading=\"lazy\" decoding=\"async\" width=\"150\" height=\"150\" src=\"http:\/\/enteculturalsantafesino.com.ar\/usina2\/wp-content\/uploads\/2016\/09\/IMG_1594-150x150.jpg\" class=\"attachment-thumbnail size-thumbnail\" alt=\"\" srcset=\"http:\/\/enteculturalsantafesino.com.ar\/usina2\/wp-content\/uploads\/2016\/09\/IMG_1594-150x150.jpg 150w, http:\/\/enteculturalsantafesino.com.ar\/usina2\/wp-content\/uploads\/2016\/09\/IMG_1594-53x53.jpg 53w\" sizes=\"(max-width: 150px) 100vw, 150px\" \/><\/a>\n\t\t\t<\/dt><\/dl><dl class='gallery-item'>\n\t\t\t<dt class='gallery-icon landscape'>\n\t\t\t\t<a href='http:\/\/enteculturalsantafesino.com.ar\/usina2\/2016\/09\/con-sabores-santafesinos-paso-por-ramona-la-segunda-jornada-del-cabildo-cultural\/img_1798\/'><img loading=\"lazy\" decoding=\"async\" width=\"150\" height=\"150\" src=\"http:\/\/enteculturalsantafesino.com.ar\/usina2\/wp-content\/uploads\/2016\/09\/IMG_1798-150x150.jpg\" class=\"attachment-thumbnail size-thumbnail\" alt=\"\" srcset=\"http:\/\/enteculturalsantafesino.com.ar\/usina2\/wp-content\/uploads\/2016\/09\/IMG_1798-150x150.jpg 150w, http:\/\/enteculturalsantafesino.com.ar\/usina2\/wp-content\/uploads\/2016\/09\/IMG_1798-53x53.jpg 53w\" sizes=\"(max-width: 150px) 100vw, 150px\" \/><\/a>\n\t\t\t<\/dt><\/dl><dl class='gallery-item'>\n\t\t\t<dt class='gallery-icon landscape'>\n\t\t\t\t<a href='http:\/\/enteculturalsantafesino.com.ar\/usina2\/2016\/09\/con-sabores-santafesinos-paso-por-ramona-la-segunda-jornada-del-cabildo-cultural\/img_1776\/'><img loading=\"lazy\" decoding=\"async\" width=\"150\" height=\"150\" src=\"http:\/\/enteculturalsantafesino.com.ar\/usina2\/wp-content\/uploads\/2016\/09\/IMG_1776-150x150.jpg\" class=\"attachment-thumbnail size-thumbnail\" alt=\"\" srcset=\"http:\/\/enteculturalsantafesino.com.ar\/usina2\/wp-content\/uploads\/2016\/09\/IMG_1776-150x150.jpg 150w, http:\/\/enteculturalsantafesino.com.ar\/usina2\/wp-content\/uploads\/2016\/09\/IMG_1776-53x53.jpg 53w\" sizes=\"(max-width: 150px) 100vw, 150px\" \/><\/a>\n\t\t\t<\/dt><\/dl><dl class='gallery-item'>\n\t\t\t<dt class='gallery-icon landscape'>\n\t\t\t\t<a href='http:\/\/enteculturalsantafesino.com.ar\/usina2\/2016\/09\/con-sabores-santafesinos-paso-por-ramona-la-segunda-jornada-del-cabildo-cultural\/img_1801\/'><img loading=\"lazy\" decoding=\"async\" width=\"150\" height=\"150\" src=\"http:\/\/enteculturalsantafesino.com.ar\/usina2\/wp-content\/uploads\/2016\/09\/IMG_1801-150x150.jpg\" class=\"attachment-thumbnail size-thumbnail\" alt=\"\" srcset=\"http:\/\/enteculturalsantafesino.com.ar\/usina2\/wp-content\/uploads\/2016\/09\/IMG_1801-150x150.jpg 150w, http:\/\/enteculturalsantafesino.com.ar\/usina2\/wp-content\/uploads\/2016\/09\/IMG_1801-53x53.jpg 53w\" sizes=\"(max-width: 150px) 100vw, 150px\" \/><\/a>\n\t\t\t<\/dt><\/dl><br style=\"clear: both\" \/><dl class='gallery-item'>\n\t\t\t<dt class='gallery-icon landscape'>\n\t\t\t\t<a href='http:\/\/enteculturalsantafesino.com.ar\/usina2\/2016\/09\/con-sabores-santafesinos-paso-por-ramona-la-segunda-jornada-del-cabildo-cultural\/img_1807\/'><img loading=\"lazy\" decoding=\"async\" width=\"150\" height=\"150\" src=\"http:\/\/enteculturalsantafesino.com.ar\/usina2\/wp-content\/uploads\/2016\/09\/IMG_1807-150x150.jpg\" class=\"attachment-thumbnail size-thumbnail\" alt=\"\" srcset=\"http:\/\/enteculturalsantafesino.com.ar\/usina2\/wp-content\/uploads\/2016\/09\/IMG_1807-150x150.jpg 150w, http:\/\/enteculturalsantafesino.com.ar\/usina2\/wp-content\/uploads\/2016\/09\/IMG_1807-53x53.jpg 53w\" sizes=\"(max-width: 150px) 100vw, 150px\" \/><\/a>\n\t\t\t<\/dt><\/dl><dl class='gallery-item'>\n\t\t\t<dt class='gallery-icon landscape'>\n\t\t\t\t<a href='http:\/\/enteculturalsantafesino.com.ar\/usina2\/2016\/09\/con-sabores-santafesinos-paso-por-ramona-la-segunda-jornada-del-cabildo-cultural\/img_1762\/'><img loading=\"lazy\" decoding=\"async\" width=\"150\" height=\"150\" src=\"http:\/\/enteculturalsantafesino.com.ar\/usina2\/wp-content\/uploads\/2016\/09\/IMG_1762-150x150.jpg\" class=\"attachment-thumbnail size-thumbnail\" alt=\"\" srcset=\"http:\/\/enteculturalsantafesino.com.ar\/usina2\/wp-content\/uploads\/2016\/09\/IMG_1762-150x150.jpg 150w, http:\/\/enteculturalsantafesino.com.ar\/usina2\/wp-content\/uploads\/2016\/09\/IMG_1762-53x53.jpg 53w\" sizes=\"(max-width: 150px) 100vw, 150px\" \/><\/a>\n\t\t\t<\/dt><\/dl><dl class='gallery-item'>\n\t\t\t<dt class='gallery-icon landscape'>\n\t\t\t\t<a href='http:\/\/enteculturalsantafesino.com.ar\/usina2\/2016\/09\/con-sabores-santafesinos-paso-por-ramona-la-segunda-jornada-del-cabildo-cultural\/img_1724\/'><img loading=\"lazy\" decoding=\"async\" width=\"150\" height=\"150\" src=\"http:\/\/enteculturalsantafesino.com.ar\/usina2\/wp-content\/uploads\/2016\/09\/IMG_1724-150x150.jpg\" class=\"attachment-thumbnail size-thumbnail\" alt=\"\" srcset=\"http:\/\/enteculturalsantafesino.com.ar\/usina2\/wp-content\/uploads\/2016\/09\/IMG_1724-150x150.jpg 150w, http:\/\/enteculturalsantafesino.com.ar\/usina2\/wp-content\/uploads\/2016\/09\/IMG_1724-53x53.jpg 53w\" sizes=\"(max-width: 150px) 100vw, 150px\" \/><\/a>\n\t\t\t<\/dt><\/dl><dl class='gallery-item'>\n\t\t\t<dt class='gallery-icon landscape'>\n\t\t\t\t<a href='http:\/\/enteculturalsantafesino.com.ar\/usina2\/2016\/09\/con-sabores-santafesinos-paso-por-ramona-la-segunda-jornada-del-cabildo-cultural\/img_1589\/'><img loading=\"lazy\" decoding=\"async\" width=\"150\" height=\"150\" src=\"http:\/\/enteculturalsantafesino.com.ar\/usina2\/wp-content\/uploads\/2016\/09\/IMG_1589-150x150.jpg\" class=\"attachment-thumbnail size-thumbnail\" alt=\"\" srcset=\"http:\/\/enteculturalsantafesino.com.ar\/usina2\/wp-content\/uploads\/2016\/09\/IMG_1589-150x150.jpg 150w, http:\/\/enteculturalsantafesino.com.ar\/usina2\/wp-content\/uploads\/2016\/09\/IMG_1589-53x53.jpg 53w\" sizes=\"(max-width: 150px) 100vw, 150px\" \/><\/a>\n\t\t\t<\/dt><\/dl><dl class='gallery-item'>\n\t\t\t<dt class='gallery-icon landscape'>\n\t\t\t\t<a href='http:\/\/enteculturalsantafesino.com.ar\/usina2\/2016\/09\/con-sabores-santafesinos-paso-por-ramona-la-segunda-jornada-del-cabildo-cultural\/img_1597\/'><img loading=\"lazy\" decoding=\"async\" width=\"150\" height=\"150\" src=\"http:\/\/enteculturalsantafesino.com.ar\/usina2\/wp-content\/uploads\/2016\/09\/IMG_1597-150x150.jpg\" class=\"attachment-thumbnail size-thumbnail\" alt=\"\" srcset=\"http:\/\/enteculturalsantafesino.com.ar\/usina2\/wp-content\/uploads\/2016\/09\/IMG_1597-150x150.jpg 150w, http:\/\/enteculturalsantafesino.com.ar\/usina2\/wp-content\/uploads\/2016\/09\/IMG_1597-53x53.jpg 53w\" sizes=\"(max-width: 150px) 100vw, 150px\" \/><\/a>\n\t\t\t<\/dt><\/dl><dl class='gallery-item'>\n\t\t\t<dt class='gallery-icon landscape'>\n\t\t\t\t<a href='http:\/\/enteculturalsantafesino.com.ar\/usina2\/2016\/09\/con-sabores-santafesinos-paso-por-ramona-la-segunda-jornada-del-cabildo-cultural\/img_1618\/'><img loading=\"lazy\" decoding=\"async\" width=\"150\" height=\"150\" src=\"http:\/\/enteculturalsantafesino.com.ar\/usina2\/wp-content\/uploads\/2016\/09\/IMG_1618-150x150.jpg\" class=\"attachment-thumbnail size-thumbnail\" alt=\"\" srcset=\"http:\/\/enteculturalsantafesino.com.ar\/usina2\/wp-content\/uploads\/2016\/09\/IMG_1618-150x150.jpg 150w, http:\/\/enteculturalsantafesino.com.ar\/usina2\/wp-content\/uploads\/2016\/09\/IMG_1618-53x53.jpg 53w\" sizes=\"(max-width: 150px) 100vw, 150px\" \/><\/a>\n\t\t\t<\/dt><\/dl><dl class='gallery-item'>\n\t\t\t<dt class='gallery-icon landscape'>\n\t\t\t\t<a href='http:\/\/enteculturalsantafesino.com.ar\/usina2\/2016\/09\/con-sabores-santafesinos-paso-por-ramona-la-segunda-jornada-del-cabildo-cultural\/img_1650\/'><img loading=\"lazy\" decoding=\"async\" width=\"150\" height=\"150\" src=\"http:\/\/enteculturalsantafesino.com.ar\/usina2\/wp-content\/uploads\/2016\/09\/IMG_1650-150x150.jpg\" class=\"attachment-thumbnail size-thumbnail\" alt=\"\" srcset=\"http:\/\/enteculturalsantafesino.com.ar\/usina2\/wp-content\/uploads\/2016\/09\/IMG_1650-150x150.jpg 150w, http:\/\/enteculturalsantafesino.com.ar\/usina2\/wp-content\/uploads\/2016\/09\/IMG_1650-53x53.jpg 53w\" sizes=\"(max-width: 150px) 100vw, 150px\" \/><\/a>\n\t\t\t<\/dt><\/dl><br style=\"clear: both\" \/>\n\t\t<\/div>\n\n<p>Enmarcado en el C<strong>abildo Cultural Santafesino 2016<\/strong> y durante su segunda jornada, se desarroll\u00f3 en el Centro Cultural Deportivo de Ramona, el <strong>\u00abCabildo de los Sabores\u00bb<\/strong>, abriendo sus\u00a0 puertas para exponer el arte culinario reflejado en las festividades gastron\u00f3micas de localidades de esa hermosa regi\u00f3n.<\/p>\n<p>Mostraron lo suyo en distintos stands, la local <em>\u00abFiesta Provincial de Los Ravioles\u00bb, de Ramona; la \u00abFiesta Provincial del Chorizo\u00bb, de Ataliva; \u00abFiesta del Ajenjo\u00bb de Bauer y Sigel; \u00abFiesta de la Mamona al Horno\u00bb, de Bella Italia; \u00abFiesta de la Cerveza Artesanal\u00bb, de La Pelada; \u00abFiesta Provincial del Asador\u00bb, de Montes de Oca; \u00abFiesta Provincial del Liso\u00bb, de Grutly;; \u00abFiesta del R\u00edo\u00bb, de Alejandra y \u00abFiesta Provincial de la Empanada\u00bb, de Felicia.<\/em><\/p>\n<p>El evento cuenta con el aupicio de la diputada provincial Claudia Giaccone, quien asisti\u00f3 en compa\u00f1\u00eda del Presidente Comunal de Ramona Fabio Barbero. Pero \u00a0la importancia dada al encuentro \u00a0puede resaltarse por la presencia de muchos jefes comunales. Al due\u00f1o de casa, se sumaron los de Gr\u00fctly, Jorge Nicollier; de Bauer y Siguel, Ana Mar\u00eda Cer\u00e9; de Bella Italia, H\u00e9ctor Perotti; de Ataliva, Fabio S\u00e1nchez, y el vice de Felicia, Daniel Williner; adem\u00e1s del Presidente del Ente Cultural Santafesino, Leonardo Carrozza; su coordinador Fernando Banegas y los directores de Usina Cultural II Erika Guse y Maximiliano Depetris, y Usina V, Ernesto Paulon.<\/p>\n<p>Leonardo Carrozza-Presidente del ECS manifest\u00f3 su alegr\u00eda de vivir esta quinta edici\u00f3n del Cabildo Cultural con tanta adhesi\u00f3n por parte de las comunidades que integran la programaci\u00f3n 2016.<em> \u00abEsto es el reflejo de nuestro Ente Cultural, el cual apuesta a las manifestaciones culturales de todos los d\u00edas , las que se encuentran y se\u00a0expresan\u00a0en cada uno de los rincones santafesinos\u00bb<\/em><\/p>\n<p>Giaccone expres\u00f3 que se trat\u00f3 de un <em>\u201cmaravilloso Cabildo de los Sabores. Con gran organizaci\u00f3n, excelente presentaci\u00f3n y de lo expuesto, m\u00e1s un \u00e1nimo festivo puso mucha alegr\u00eda al encuentro, y la espontaneidad de ir\u00a0 incorpor\u00e1ndose los concurrentes para participar con danzas , canciones folcl\u00f3ricas, m\u00fasica de los inmigrantes; en una confluencia\u00a0 de alegr\u00eda y voluntad de hacer\u201d.<\/em><\/p>\n<p>Continu\u00f3 diciendo que <em>\u201cla comida nos identifica, y es eso lo que ocurre con cada una de las comunidades\u00a0 participantes que son reconocidas por sus fiestas, que son claramente una expresi\u00f3n de nuestra cultura y tradiciones. Promoverlas en un trabajo conjunto de difusi\u00f3n es algo que puede verse pocas veces, y se ha logrado. Presentarlas todas juntas tiene la fuerza que da la acci\u00f3n en red, en alianza\u201d, <\/em>concluy\u00f3.<\/p>\n<p>El Cabildo Cultural Santafesino contin\u00faa en Andino (departamento Iriondo), G\u00f6deken (departamento Gral. L\u00f3pez), Acebal (departamento Rosario), Ambrosetti (departamento San Crist\u00f3bal), para finalizar en Tostado (departamento 9 de Julio), cubriendo de esta manera el territorio de nuestra provincia, y cada jornada tendr\u00e1 el sabor de un ritmo y generar\u00e1 el debate que atiende prioritariamente a la diversidad cultural y a las diferentes identidades regionales de la provincia.<\/p>\n","protected":false},"excerpt":{"rendered":"<p>Enmarcado en el Cabildo Cultural Santafesino 2016 y durante su segunda jornada, se desarroll\u00f3 en el Centro [&hellip;]<\/p>\n","protected":false},"author":3,"featured_media":17311,"comment_status":"closed","ping_status":"closed","sticky":false,"template":"","format":"standard","meta":{"_jetpack_memberships_contains_paid_content":false,"footnotes":"","jetpack_publicize_message":"","jetpack_publicize_feature_enabled":true,"jetpack_social_post_already_shared":true,"jetpack_social_options":{"image_generator_settings":{"template":"highway","enabled":false}}},"categories":[28,31],"tags":[],"jetpack_publicize_connections":[],"jetpack_featured_media_url":"http:\/\/enteculturalsantafesino.com.ar\/usina2\/wp-content\/uploads\/2016\/09\/IMG_1715.jpg","jetpack_sharing_enabled":true,"_links":{"self":[{"href":"http:\/\/enteculturalsantafesino.com.ar\/usina2\/wp-json\/wp\/v2\/posts\/17306"}],"collection":[{"href":"http:\/\/enteculturalsantafesino.com.ar\/usina2\/wp-json\/wp\/v2\/posts"}],"about":[{"href":"http:\/\/enteculturalsantafesino.com.ar\/usina2\/wp-json\/wp\/v2\/types\/post"}],"author":[{"embeddable":true,"href":"http:\/\/enteculturalsantafesino.com.ar\/usina2\/wp-json\/wp\/v2\/users\/3"}],"replies":[{"embeddable":true,"href":"http:\/\/enteculturalsantafesino.com.ar\/usina2\/wp-json\/wp\/v2\/comments?post=17306"}],"version-history":[{"count":0,"href":"http:\/\/enteculturalsantafesino.com.ar\/usina2\/wp-json\/wp\/v2\/posts\/17306\/revisions"}],"wp:featuredmedia":[{"embeddable":true,"href":"http:\/\/enteculturalsantafesino.com.ar\/usina2\/wp-json\/wp\/v2\/media\/17311"}],"wp:attachment":[{"href":"http:\/\/enteculturalsantafesino.com.ar\/usina2\/wp-json\/wp\/v2\/media?parent=17306"}],"wp:term":[{"taxonomy":"category","embeddable":true,"href":"http:\/\/enteculturalsantafesino.com.ar\/usina2\/wp-json\/wp\/v2\/categories?post=17306"},{"taxonomy":"post_tag","embeddable":true,"href":"http:\/\/enteculturalsantafesino.com.ar\/usina2\/wp-json\/wp\/v2\/tags?post=17306"}],"curies":[{"name":"wp","href":"https:\/\/api.w.org\/{rel}","templated":true}]}}