{"id":17323,"date":"2016-09-02T17:15:59","date_gmt":"2016-09-02T17:15:59","guid":{"rendered":"http:\/\/entecultura.com.ar\/usina2\/?p=17323"},"modified":"2016-09-02T17:15:59","modified_gmt":"2016-09-02T17:15:59","slug":"el-premio-julio-migno-sigue-recorriendo-caminos-y-llego-a-sarmiento","status":"publish","type":"post","link":"http:\/\/enteculturalsantafesino.com.ar\/usina2\/2016\/09\/el-premio-julio-migno-sigue-recorriendo-caminos-y-llego-a-sarmiento\/","title":{"rendered":"El premio \u00abJulio Migno sigue recorriendo caminos y lleg\u00f3 a Sarmiento"},"content":{"rendered":"<p>La comunidad perteneciente al Depto Las Colonias, a trav\u00e9s de su <strong>Comisi\u00f3n Comunal de Cultura<\/strong>, durante la jornada del <strong>viernes\u00a02<\/strong>\u00a0recibi\u00f3 al <strong>premio \u00abJulio Migno\u00bb.<\/strong><\/p>\n<p><strong>Sarmiento<\/strong> se encuentra a\u00a0a 102 km\u00a0de la capital provincial; conectada por acceso a la RN 19.<\/p>\n<p><em>El Premio, que es corporizado por una estatuilla del sacerdote Florian Pauke abrazando un ni\u00f1o ind\u00edgena, parti\u00f3 desde San Javier luego de un encuentro en la Iglesia de esa ciudad, siendo trasladado hasta Helvecia por una comitiva. Se inicia as\u00ed una gira por m\u00e1s de 90 localidades de la provincia de Santa Fe, promoviendo su difusi\u00f3n y posibilitando que cada rinc\u00f3n santafesino proponga aspirantes a esta recompensa: un premio que anhela tener el prestigio necesario para ser un digno reconocimiento a quien lo reciba<\/em>.<\/p>\n<p><em>De agosto a noviembre el premio recorrer\u00e1 los caminos santafesinos.<\/em><\/p>\n<p><em>El creador del premio<\/em>, Alejandro Vivas, manifest\u00f3 que <em>\u201cdesde San Javier conocen que era el sue\u00f1o del poeta Julio Migno que se tuviera un premio a nivel provincial, es por esto que se promueve esta imagen, representada por Florian Paucke, evangelizador jesuita, con una mano sobre el hombro de un ni\u00f1o aborigen, ya que se considera que con este encuentro se origina la verdadera uni\u00f3n de culturas\u201d.<\/em><\/p>\n<p><em>\u201cEn vida no obtuvo el homenaje que se merecen las personas de su estirpe intelectual y moral y este es el momento de la reivindicaci\u00f3n\u201d, se\u00f1al\u00f3. \u201cNo se debe desconocer que sus obras han sido premiadas en el \u00e1mbito nacional e internacional y comparadas en el alg\u00fan momento a la obra de Jos\u00e9 Hern\u00e1ndez, denomin\u00e1ndolo el \u201cMart\u00edn Fierro de la Costa\u201d<\/em>, finaliz\u00f3 Alejandro Vivas<\/p>\n<p>Desde el Ente Cultural Santafesino se origin\u00f3 y organiz\u00f3 un recorrido provincial a trav\u00e9s de los Centros Tradicionalistas, Comunas, Municipios, entidades educativas y culturales de m\u00e1s de noventa localidades posibilitando llegar a cada rinc\u00f3n santafesino con el premio que ser\u00e1 entregado por segundo a\u00f1o consecutivo durante la \u201cFiesta de los Pueblos\u201d el 5 de diciembre en la ciudad de Santa Fe.<\/p>\n<p>El<strong> s\u00e1bado 3<\/strong> de septiembre llega a la comunidad de <strong>La Pelada.<\/strong><\/p>\n","protected":false},"excerpt":{"rendered":"<p>La comunidad perteneciente al Depto Las Colonias, a trav\u00e9s de su Comisi\u00f3n Comunal de Cultura, durante la [&hellip;]<\/p>\n","protected":false},"author":3,"featured_media":17324,"comment_status":"closed","ping_status":"closed","sticky":false,"template":"","format":"standard","meta":{"_jetpack_memberships_contains_paid_content":false,"footnotes":"","jetpack_publicize_message":"","jetpack_publicize_feature_enabled":true,"jetpack_social_post_already_shared":true,"jetpack_social_options":{"image_generator_settings":{"template":"highway","enabled":false}}},"categories":[28,37],"tags":[],"jetpack_publicize_connections":[],"jetpack_featured_media_url":"http:\/\/enteculturalsantafesino.com.ar\/usina2\/wp-content\/uploads\/2016\/09\/14169632_279397629113050_1624402318_n.jpg","jetpack_sharing_enabled":true,"_links":{"self":[{"href":"http:\/\/enteculturalsantafesino.com.ar\/usina2\/wp-json\/wp\/v2\/posts\/17323"}],"collection":[{"href":"http:\/\/enteculturalsantafesino.com.ar\/usina2\/wp-json\/wp\/v2\/posts"}],"about":[{"href":"http:\/\/enteculturalsantafesino.com.ar\/usina2\/wp-json\/wp\/v2\/types\/post"}],"author":[{"embeddable":true,"href":"http:\/\/enteculturalsantafesino.com.ar\/usina2\/wp-json\/wp\/v2\/users\/3"}],"replies":[{"embeddable":true,"href":"http:\/\/enteculturalsantafesino.com.ar\/usina2\/wp-json\/wp\/v2\/comments?post=17323"}],"version-history":[{"count":0,"href":"http:\/\/enteculturalsantafesino.com.ar\/usina2\/wp-json\/wp\/v2\/posts\/17323\/revisions"}],"wp:featuredmedia":[{"embeddable":true,"href":"http:\/\/enteculturalsantafesino.com.ar\/usina2\/wp-json\/wp\/v2\/media\/17324"}],"wp:attachment":[{"href":"http:\/\/enteculturalsantafesino.com.ar\/usina2\/wp-json\/wp\/v2\/media?parent=17323"}],"wp:term":[{"taxonomy":"category","embeddable":true,"href":"http:\/\/enteculturalsantafesino.com.ar\/usina2\/wp-json\/wp\/v2\/categories?post=17323"},{"taxonomy":"post_tag","embeddable":true,"href":"http:\/\/enteculturalsantafesino.com.ar\/usina2\/wp-json\/wp\/v2\/tags?post=17323"}],"curies":[{"name":"wp","href":"https:\/\/api.w.org\/{rel}","templated":true}]}}