{"id":17327,"date":"2016-09-04T19:24:51","date_gmt":"2016-09-04T19:24:51","guid":{"rendered":"http:\/\/entecultura.com.ar\/usina2\/?p=17327"},"modified":"2016-09-04T19:24:51","modified_gmt":"2016-09-04T19:24:51","slug":"el-premio-julio-migno-llego-a-la-comunidad-de-la-pelada","status":"publish","type":"post","link":"http:\/\/enteculturalsantafesino.com.ar\/usina2\/2016\/09\/el-premio-julio-migno-llego-a-la-comunidad-de-la-pelada\/","title":{"rendered":"El premio \u00abJulio Migno\u00bb lleg\u00f3 a la comunidad de La Pelada"},"content":{"rendered":"<p>El <strong>premio \u00abJulio Migno\u00bb<\/strong> fue recibido en la localidad de<strong> \u00abLa Pelada\u00bb<\/strong> (Depto Las Colonias).<\/p>\n<p>El Centro Tradicionalista lo traslado por las calles de la comunidad hacia el Sal\u00f3n Parroquial, en donde se realizo un breve acto promoviendo y difundiendo la rese\u00f1a de Florian Paucke y de Julio Migno.<\/p>\n<p>Posteriormente, adolescentes y ni\u00f1os de Expresi\u00f3n art\u00edstica a cargo del <strong>Prof. Osvaldo Gatti<\/strong> bailaron; dando por finalizado el acontecimiento.<\/p>\n<div id=\"main-content\">\n<div id=\"main-col\">\n<div id=\"post-17323\" class=\"post-17323 post type-post status-publish format-standard has-post-thumbnail hentry category-gestiones-e-c category-sarmiento entry-box clearfix\">\n<div class=\"elements-box mt-20\">\n<p><em>De agosto a noviembre el premio recorrer\u00e1\u00a0m\u00e1s de 90 comunidades.<\/em><\/p>\n<p><em>El creador del premio<\/em>, Alejandro Vivas, manifest\u00f3 que <em>\u201cdesde San Javier conocen que era el sue\u00f1o del poeta Julio Migno que se tuviera un premio a nivel provincial, es por esto que se promueve esta imagen, representada por Florian Paucke, evangelizador jesuita, con una mano sobre el hombro de un ni\u00f1o aborigen, ya que se considera que con este encuentro se origina la verdadera uni\u00f3n de culturas\u201d.<\/em><\/p>\n<p><em>\u201cEn vida no obtuvo el homenaje que se merecen las personas de su estirpe intelectual y moral y este es el momento de la reivindicaci\u00f3n\u201d, se\u00f1al\u00f3. \u201cNo se debe desconocer que sus obras han sido premiadas en el \u00e1mbito nacional e internacional y comparadas en el alg\u00fan momento a la obra de Jos\u00e9 Hern\u00e1ndez, denomin\u00e1ndolo el \u201cMart\u00edn Fierro de la Costa\u201d<\/em>, finaliz\u00f3 Alejandro Vivas<\/p>\n<p>Desde el Ente Cultural Santafesino se origin\u00f3 y organiz\u00f3 un recorrido provincial a trav\u00e9s de los Centros Tradicionalistas, Comunas, Municipios, entidades educativas y culturales de m\u00e1s de noventa localidades posibilitando llegar a cada rinc\u00f3n santafesino con el premio que ser\u00e1 entregado por segundo a\u00f1o consecutivo durante la \u201cFiesta de los Pueblos\u201d el 5 de diciembre en la ciudad de Santa Fe.<\/p>\n<p>El<strong> domingo 4<\/strong>\u00a0<strong>de septiembre<\/strong>\u00a0el premio<strong> \u00abJulio Migno\u00bb<\/strong> llegar\u00e1 a la comunidad de\u00a0<strong>Irigoyen.<\/strong><\/p>\n<\/div>\n<div class=\"wp-link-pages clearfix mt-20\"><\/div>\n<footer class=\"clearfix\">\n<p class=\"prev-post\">\n<\/footer>\n<\/div>\n<\/div>\n<\/div>\n","protected":false},"excerpt":{"rendered":"<p>El premio \u00abJulio Migno\u00bb fue recibido en la localidad de \u00abLa Pelada\u00bb (Depto Las Colonias). El Centro [&hellip;]<\/p>\n","protected":false},"author":3,"featured_media":17329,"comment_status":"closed","ping_status":"closed","sticky":false,"template":"","format":"standard","meta":{"_jetpack_memberships_contains_paid_content":false,"footnotes":"","jetpack_publicize_message":"","jetpack_publicize_feature_enabled":true,"jetpack_social_post_already_shared":true,"jetpack_social_options":{"image_generator_settings":{"template":"highway","enabled":false}}},"categories":[28,49],"tags":[],"jetpack_publicize_connections":[],"jetpack_featured_media_url":"http:\/\/enteculturalsantafesino.com.ar\/usina2\/wp-content\/uploads\/2016\/09\/14256382_281401125579367_1993102119_n.jpg","jetpack_sharing_enabled":true,"_links":{"self":[{"href":"http:\/\/enteculturalsantafesino.com.ar\/usina2\/wp-json\/wp\/v2\/posts\/17327"}],"collection":[{"href":"http:\/\/enteculturalsantafesino.com.ar\/usina2\/wp-json\/wp\/v2\/posts"}],"about":[{"href":"http:\/\/enteculturalsantafesino.com.ar\/usina2\/wp-json\/wp\/v2\/types\/post"}],"author":[{"embeddable":true,"href":"http:\/\/enteculturalsantafesino.com.ar\/usina2\/wp-json\/wp\/v2\/users\/3"}],"replies":[{"embeddable":true,"href":"http:\/\/enteculturalsantafesino.com.ar\/usina2\/wp-json\/wp\/v2\/comments?post=17327"}],"version-history":[{"count":0,"href":"http:\/\/enteculturalsantafesino.com.ar\/usina2\/wp-json\/wp\/v2\/posts\/17327\/revisions"}],"wp:featuredmedia":[{"embeddable":true,"href":"http:\/\/enteculturalsantafesino.com.ar\/usina2\/wp-json\/wp\/v2\/media\/17329"}],"wp:attachment":[{"href":"http:\/\/enteculturalsantafesino.com.ar\/usina2\/wp-json\/wp\/v2\/media?parent=17327"}],"wp:term":[{"taxonomy":"category","embeddable":true,"href":"http:\/\/enteculturalsantafesino.com.ar\/usina2\/wp-json\/wp\/v2\/categories?post=17327"},{"taxonomy":"post_tag","embeddable":true,"href":"http:\/\/enteculturalsantafesino.com.ar\/usina2\/wp-json\/wp\/v2\/tags?post=17327"}],"curies":[{"name":"wp","href":"https:\/\/api.w.org\/{rel}","templated":true}]}}