{"id":17333,"date":"2016-09-16T16:16:03","date_gmt":"2016-09-16T16:16:03","guid":{"rendered":"http:\/\/entecultura.com.ar\/usina2\/?p=17333"},"modified":"2016-09-16T16:16:03","modified_gmt":"2016-09-16T16:16:03","slug":"historias-de-poetas-santafesinos-se-expuso-en-la-feria-internacional-del-libro-de-cordoba","status":"publish","type":"post","link":"http:\/\/enteculturalsantafesino.com.ar\/usina2\/2016\/09\/historias-de-poetas-santafesinos-se-expuso-en-la-feria-internacional-del-libro-de-cordoba\/","title":{"rendered":"\u00abHistorias de Poetas santafesinos\u00bb se expuso en la Feria internacional del Libro de C\u00f3rdoba"},"content":{"rendered":"\n\t\t<style type=\"text\/css\">\n\t\t\t#gallery-1 {\n\t\t\t\tmargin: auto;\n\t\t\t}\n\t\t\t#gallery-1 .gallery-item {\n\t\t\t\tfloat: left;\n\t\t\t\tmargin-top: 10px;\n\t\t\t\ttext-align: center;\n\t\t\t\twidth: 25%;\n\t\t\t}\n\t\t\t#gallery-1 img {\n\t\t\t\tborder: 2px solid #cfcfcf;\n\t\t\t}\n\t\t\t#gallery-1 .gallery-caption {\n\t\t\t\tmargin-left: 0;\n\t\t\t}\n\t\t\t\/* see gallery_shortcode() in wp-includes\/media.php *\/\n\t\t<\/style>\n\t\t<div id='gallery-1' class='gallery galleryid-17333 gallery-columns-4 gallery-size-thumbnail'><dl class='gallery-item'>\n\t\t\t<dt class='gallery-icon landscape'>\n\t\t\t\t<a href='http:\/\/enteculturalsantafesino.com.ar\/usina2\/2016\/09\/historias-de-poetas-santafesinos-se-expuso-en-la-feria-internacional-del-libro-de-cordoba\/14349015_1111637285593954_1280484188_n\/'><img loading=\"lazy\" decoding=\"async\" width=\"150\" height=\"150\" src=\"http:\/\/enteculturalsantafesino.com.ar\/usina2\/wp-content\/uploads\/2016\/09\/14349015_1111637285593954_1280484188_n-150x150.jpg\" class=\"attachment-thumbnail size-thumbnail\" alt=\"\" srcset=\"http:\/\/enteculturalsantafesino.com.ar\/usina2\/wp-content\/uploads\/2016\/09\/14349015_1111637285593954_1280484188_n-150x150.jpg 150w, http:\/\/enteculturalsantafesino.com.ar\/usina2\/wp-content\/uploads\/2016\/09\/14349015_1111637285593954_1280484188_n-53x53.jpg 53w\" sizes=\"(max-width: 150px) 100vw, 150px\" \/><\/a>\n\t\t\t<\/dt><\/dl><dl class='gallery-item'>\n\t\t\t<dt class='gallery-icon landscape'>\n\t\t\t\t<a href='http:\/\/enteculturalsantafesino.com.ar\/usina2\/2016\/09\/historias-de-poetas-santafesinos-se-expuso-en-la-feria-internacional-del-libro-de-cordoba\/14305267_10210625718628987_3165937729400641073_o\/'><img loading=\"lazy\" decoding=\"async\" width=\"150\" height=\"150\" src=\"http:\/\/enteculturalsantafesino.com.ar\/usina2\/wp-content\/uploads\/2016\/09\/14305267_10210625718628987_3165937729400641073_o-150x150.jpg\" class=\"attachment-thumbnail size-thumbnail\" alt=\"\" srcset=\"http:\/\/enteculturalsantafesino.com.ar\/usina2\/wp-content\/uploads\/2016\/09\/14305267_10210625718628987_3165937729400641073_o-150x150.jpg 150w, http:\/\/enteculturalsantafesino.com.ar\/usina2\/wp-content\/uploads\/2016\/09\/14305267_10210625718628987_3165937729400641073_o-53x53.jpg 53w\" sizes=\"(max-width: 150px) 100vw, 150px\" \/><\/a>\n\t\t\t<\/dt><\/dl><dl class='gallery-item'>\n\t\t\t<dt class='gallery-icon landscape'>\n\t\t\t\t<a href='http:\/\/enteculturalsantafesino.com.ar\/usina2\/2016\/09\/historias-de-poetas-santafesinos-se-expuso-en-la-feria-internacional-del-libro-de-cordoba\/14389807_1111636945593988_20856359_n\/'><img loading=\"lazy\" decoding=\"async\" width=\"150\" height=\"150\" src=\"http:\/\/enteculturalsantafesino.com.ar\/usina2\/wp-content\/uploads\/2016\/09\/14389807_1111636945593988_20856359_n-150x150.jpg\" class=\"attachment-thumbnail size-thumbnail\" alt=\"\" srcset=\"http:\/\/enteculturalsantafesino.com.ar\/usina2\/wp-content\/uploads\/2016\/09\/14389807_1111636945593988_20856359_n-150x150.jpg 150w, http:\/\/enteculturalsantafesino.com.ar\/usina2\/wp-content\/uploads\/2016\/09\/14389807_1111636945593988_20856359_n-53x53.jpg 53w\" sizes=\"(max-width: 150px) 100vw, 150px\" \/><\/a>\n\t\t\t<\/dt><\/dl><dl class='gallery-item'>\n\t\t\t<dt class='gallery-icon landscape'>\n\t\t\t\t<a href='http:\/\/enteculturalsantafesino.com.ar\/usina2\/2016\/09\/historias-de-poetas-santafesinos-se-expuso-en-la-feria-internacional-del-libro-de-cordoba\/14397427_1111637175593965_1705384686_n-1\/'><img loading=\"lazy\" decoding=\"async\" width=\"150\" height=\"150\" src=\"http:\/\/enteculturalsantafesino.com.ar\/usina2\/wp-content\/uploads\/2016\/09\/14397427_1111637175593965_1705384686_n-1-150x150.jpg\" class=\"attachment-thumbnail size-thumbnail\" alt=\"\" srcset=\"http:\/\/enteculturalsantafesino.com.ar\/usina2\/wp-content\/uploads\/2016\/09\/14397427_1111637175593965_1705384686_n-1-150x150.jpg 150w, http:\/\/enteculturalsantafesino.com.ar\/usina2\/wp-content\/uploads\/2016\/09\/14397427_1111637175593965_1705384686_n-1-53x53.jpg 53w\" sizes=\"(max-width: 150px) 100vw, 150px\" \/><\/a>\n\t\t\t<\/dt><\/dl><br style=\"clear: both\" \/>\n\t\t<\/div>\n\n<p>El <strong>domingo 11 de septiembre<\/strong>, en el marco de la <strong>Feria internacional del Libro de C\u00f3rdoba<\/strong>, se llev\u00f3 a cabo el <strong>Encuentro Federal de Organizadores de Festivales de Poes\u00eda.<\/strong> El encuentro fue una iniciativa de la <a href=\"http:\/\/www.redfederaldepoesia.gob.ar\/\">Red Federal de Poes\u00eda<\/a>, que forma parte del <strong>Ministerio de Educaci\u00f3n de Cultura y Educaci\u00f3n de la Naci\u00f3n<\/strong> y de la <strong>Comisi\u00f3n Nacional de Bibliotecas Populares<\/strong> (CONABIP).<\/p>\n<p>En dicho encuentro, realizado en el Cabildo de la Docta, estuvieron presentes los festivales de Poes\u00eda de C\u00f3rdoba, San Lu\u00eds, Jujuy, Entre R\u00edos, CABA, \u00a0entre otros.<\/p>\n<p>La provincia de <strong>Santa Fe<\/strong> estuvo representada por el<strong> escritor casildense Yamil Dora<\/strong>, coordinador de <a href=\"http:\/\/enteculturalsantafesino.com.ar\/poetas\/\"><strong>\u201cHistorias de poetas santafesinos\u201d<\/strong><\/a>, ciclo auspiciado por la<strong>\u00a0Diputada Provincial Claudia Giaccone<\/strong> y llevado adelante por el <a href=\"http:\/\/www.enteculturalsantafesino.com.ar\"><strong>Ente Cultural Santafesino.<\/strong><\/a><\/p>\n<p>En tres horas de trabajo, en las cuales se presentaron los diferentes\u00a0 festivales, se plantearon \u00a0temas como financiamiento, coordinaci\u00f3n de fechas, objetivos y curaci\u00f3n de los eventos.<\/p>\n<p>Tambi\u00e9n se destac\u00f3 la importancia de la <a href=\"http:\/\/www.redfederaldepoesia.gob.ar\/\">Red Federal de Poes\u00eda<\/a> y de Instituciones como el<a href=\"http:\/\/www.enteculturalsantafesino.com.ar\"> Ente Cultural Santafesino<\/a>, que no s\u00f3lo apoyan estas iniciativas, sino que tambi\u00e9n comparten la idea de la poes\u00eda como un derecho.<\/p>\n<p>Como resultado de este encuentro, se acord\u00f3 un Calendario Nacional Nacional de Festivales de Poes\u00eda 2017, que ser\u00e1 presentado en el mes de noviembre de este a\u00f1o.<\/p>\n<p>&nbsp;<\/p>\n<p>&nbsp;<\/p>\n","protected":false},"excerpt":{"rendered":"<p>El domingo 11 de septiembre, en el marco de la Feria internacional del Libro de C\u00f3rdoba, se [&hellip;]<\/p>\n","protected":false},"author":3,"featured_media":17337,"comment_status":"closed","ping_status":"closed","sticky":false,"template":"","format":"standard","meta":{"_jetpack_memberships_contains_paid_content":false,"footnotes":"","jetpack_publicize_message":"","jetpack_publicize_feature_enabled":true,"jetpack_social_post_already_shared":true,"jetpack_social_options":{"image_generator_settings":{"template":"highway","enabled":false}}},"categories":[28],"tags":[],"jetpack_publicize_connections":[],"jetpack_featured_media_url":"http:\/\/enteculturalsantafesino.com.ar\/usina2\/wp-content\/uploads\/2016\/09\/14397427_1111637175593965_1705384686_n-1.jpg","jetpack_sharing_enabled":true,"_links":{"self":[{"href":"http:\/\/enteculturalsantafesino.com.ar\/usina2\/wp-json\/wp\/v2\/posts\/17333"}],"collection":[{"href":"http:\/\/enteculturalsantafesino.com.ar\/usina2\/wp-json\/wp\/v2\/posts"}],"about":[{"href":"http:\/\/enteculturalsantafesino.com.ar\/usina2\/wp-json\/wp\/v2\/types\/post"}],"author":[{"embeddable":true,"href":"http:\/\/enteculturalsantafesino.com.ar\/usina2\/wp-json\/wp\/v2\/users\/3"}],"replies":[{"embeddable":true,"href":"http:\/\/enteculturalsantafesino.com.ar\/usina2\/wp-json\/wp\/v2\/comments?post=17333"}],"version-history":[{"count":0,"href":"http:\/\/enteculturalsantafesino.com.ar\/usina2\/wp-json\/wp\/v2\/posts\/17333\/revisions"}],"wp:featuredmedia":[{"embeddable":true,"href":"http:\/\/enteculturalsantafesino.com.ar\/usina2\/wp-json\/wp\/v2\/media\/17337"}],"wp:attachment":[{"href":"http:\/\/enteculturalsantafesino.com.ar\/usina2\/wp-json\/wp\/v2\/media?parent=17333"}],"wp:term":[{"taxonomy":"category","embeddable":true,"href":"http:\/\/enteculturalsantafesino.com.ar\/usina2\/wp-json\/wp\/v2\/categories?post=17333"},{"taxonomy":"post_tag","embeddable":true,"href":"http:\/\/enteculturalsantafesino.com.ar\/usina2\/wp-json\/wp\/v2\/tags?post=17333"}],"curies":[{"name":"wp","href":"https:\/\/api.w.org\/{rel}","templated":true}]}}