{"id":17339,"date":"2016-09-19T16:13:56","date_gmt":"2016-09-19T16:13:56","guid":{"rendered":"http:\/\/entecultura.com.ar\/usina2\/?p=17339"},"modified":"2016-09-19T16:17:42","modified_gmt":"2016-09-19T16:17:42","slug":"nuevo-torino-exitosa-edicion-de-la-fiesta-provincial-del-pollo","status":"publish","type":"post","link":"http:\/\/enteculturalsantafesino.com.ar\/usina2\/2016\/09\/nuevo-torino-exitosa-edicion-de-la-fiesta-provincial-del-pollo\/","title":{"rendered":"Nuevo Torino: Exitosa edici\u00f3n de la Fiesta Provincial del Pollo"},"content":{"rendered":"<p>Ante un gran marco de p\u00fablico se desarroll\u00f3 en Nuevo Torino una nueva edici\u00f3n de la <strong>Fiesta Provincial del Pollo.<\/strong><\/p>\n<p>Durante la jornada los visitantes degustaron las distintas preparaciones de pollo\u00a0-Choricito de pollo; Pollo a la espada; Pulpetines; Pollo asado- y de los shows musicales a cargo Los Aut\u00e9nticos del Ritmo y Cuarteto Ambordt.<\/p>\n<p>En esta edici\u00f3n estuvieron presentes j\u00f3venes representantes de las comunas y municipios de la zona, quienes participaron para la elecci\u00f3n de la soberana 2016\/17. Daniela Camusso, por la Comuna de Felicia; Belen Cassini, de San Agust\u00edn; Juliana Gilaber, de Humberto 1\u00ba; Dalila Giordano, de Esperanza; Antonela Hang de Franck; Mar\u00eda Celeste Honeker, de Bella Italia; Natalia Kling, de Gr\u00fctly Sur; Camila Neder, de Nuevo Torino; Josefina Neffen, de San Jer\u00f3nimo Norte; Delfina Pariano, de Estaci\u00f3n Clucellas; Milagros Poncio, de San Carlos Sud y Agostina Rocel, de Providencia. Adem\u00e1s reinas consagradas de la Fiesta Provincial de la Bagna Cauda, Cecilia Gamarra; de la Fiesta Provincial de la Ganader\u00eda, Mariel Moreno; de la Fiesta Provincial del Inmigrante, Fiama Priolo y de la Fiesta Regional de la Asociaci\u00f3n Cooperadora de la Comisar\u00eda cuarta de Suardi, Dana Maero.<br \/>\nTras la elecci\u00f3n del jurado, Camila Neder, fue elegida como flamante Reina Provincial del Pollo, representante de la localidad de Nuevo Torino; 1\u00ba Princesa, la Srta. Mar\u00eda Celeste Honeker, de la localidad de Bella Italia y 2\u00ba Princesa, la Srta. Josefina Neffen, de la localidad de San Jer\u00f3nimo Norte.<\/p>\n<p>Vale recordar que en el a\u00f1o 2000, surge como iniciativa de los asadores e integrantes de la Comisi\u00f3n Directiva del Club Centro Recreativo Juventud Moderna, la organizaci\u00f3n de una fiesta a nivel zonal y regional, donde el men\u00fa a servir el pollo asado en sus diferentes variedades.<\/p>\n<p>A partir de esa fecha, a\u00f1o tras a\u00f1o, el tercer s\u00e1bado de septiembre, se realiza este evento, que desde el a\u00f1o 2009 fue declarada Fiesta provincial por decreto gubernamental.<\/p>\n<p><em>Fuente:<\/em><strong> El Cronista de las Colonias<\/strong><\/p>\n","protected":false},"excerpt":{"rendered":"<p>Ante un gran marco de p\u00fablico se desarroll\u00f3 en Nuevo Torino una nueva edici\u00f3n de la Fiesta [&hellip;]<\/p>\n","protected":false},"author":3,"featured_media":17340,"comment_status":"closed","ping_status":"closed","sticky":false,"template":"","format":"standard","meta":{"_jetpack_memberships_contains_paid_content":false,"footnotes":"","jetpack_publicize_message":"","jetpack_publicize_feature_enabled":true,"jetpack_social_post_already_shared":true,"jetpack_social_options":{"image_generator_settings":{"template":"highway","enabled":false}}},"categories":[41],"tags":[],"jetpack_publicize_connections":[],"jetpack_featured_media_url":"http:\/\/enteculturalsantafesino.com.ar\/usina2\/wp-content\/uploads\/2016\/09\/image-750x500.jpeg","jetpack_sharing_enabled":true,"_links":{"self":[{"href":"http:\/\/enteculturalsantafesino.com.ar\/usina2\/wp-json\/wp\/v2\/posts\/17339"}],"collection":[{"href":"http:\/\/enteculturalsantafesino.com.ar\/usina2\/wp-json\/wp\/v2\/posts"}],"about":[{"href":"http:\/\/enteculturalsantafesino.com.ar\/usina2\/wp-json\/wp\/v2\/types\/post"}],"author":[{"embeddable":true,"href":"http:\/\/enteculturalsantafesino.com.ar\/usina2\/wp-json\/wp\/v2\/users\/3"}],"replies":[{"embeddable":true,"href":"http:\/\/enteculturalsantafesino.com.ar\/usina2\/wp-json\/wp\/v2\/comments?post=17339"}],"version-history":[{"count":0,"href":"http:\/\/enteculturalsantafesino.com.ar\/usina2\/wp-json\/wp\/v2\/posts\/17339\/revisions"}],"wp:featuredmedia":[{"embeddable":true,"href":"http:\/\/enteculturalsantafesino.com.ar\/usina2\/wp-json\/wp\/v2\/media\/17340"}],"wp:attachment":[{"href":"http:\/\/enteculturalsantafesino.com.ar\/usina2\/wp-json\/wp\/v2\/media?parent=17339"}],"wp:term":[{"taxonomy":"category","embeddable":true,"href":"http:\/\/enteculturalsantafesino.com.ar\/usina2\/wp-json\/wp\/v2\/categories?post=17339"},{"taxonomy":"post_tag","embeddable":true,"href":"http:\/\/enteculturalsantafesino.com.ar\/usina2\/wp-json\/wp\/v2\/tags?post=17339"}],"curies":[{"name":"wp","href":"https:\/\/api.w.org\/{rel}","templated":true}]}}