{"id":17399,"date":"2016-11-01T02:52:55","date_gmt":"2016-11-01T02:52:55","guid":{"rendered":"http:\/\/entecultura.com.ar\/usina2\/?p=17399"},"modified":"2016-11-01T04:50:04","modified_gmt":"2016-11-01T04:50:04","slug":"la-sala-cultural-ernesto-sabato-se-lleno-de-poesias-santafesinas","status":"publish","type":"post","link":"http:\/\/enteculturalsantafesino.com.ar\/usina2\/2016\/11\/la-sala-cultural-ernesto-sabato-se-lleno-de-poesias-santafesinas\/","title":{"rendered":"La Sala Cultural Ernesto S\u00e1bato se lleno de poes\u00edas santafesinas"},"content":{"rendered":"\n\t\t<style type=\"text\/css\">\n\t\t\t#gallery-1 {\n\t\t\t\tmargin: auto;\n\t\t\t}\n\t\t\t#gallery-1 .gallery-item {\n\t\t\t\tfloat: left;\n\t\t\t\tmargin-top: 10px;\n\t\t\t\ttext-align: center;\n\t\t\t\twidth: 25%;\n\t\t\t}\n\t\t\t#gallery-1 img {\n\t\t\t\tborder: 2px solid #cfcfcf;\n\t\t\t}\n\t\t\t#gallery-1 .gallery-caption {\n\t\t\t\tmargin-left: 0;\n\t\t\t}\n\t\t\t\/* see gallery_shortcode() in wp-includes\/media.php *\/\n\t\t<\/style>\n\t\t<div id='gallery-1' class='gallery galleryid-17399 gallery-columns-4 gallery-size-thumbnail'><dl class='gallery-item'>\n\t\t\t<dt class='gallery-icon landscape'>\n\t\t\t\t<a href='http:\/\/enteculturalsantafesino.com.ar\/usina2\/2016\/11\/la-sala-cultural-ernesto-sabato-se-lleno-de-poesias-santafesinas\/14877162_314871145565698_1084189381_n\/'><img loading=\"lazy\" decoding=\"async\" width=\"150\" height=\"150\" src=\"http:\/\/enteculturalsantafesino.com.ar\/usina2\/wp-content\/uploads\/2016\/11\/14877162_314871145565698_1084189381_n-150x150.jpg\" class=\"attachment-thumbnail size-thumbnail\" alt=\"\" srcset=\"http:\/\/enteculturalsantafesino.com.ar\/usina2\/wp-content\/uploads\/2016\/11\/14877162_314871145565698_1084189381_n-150x150.jpg 150w, http:\/\/enteculturalsantafesino.com.ar\/usina2\/wp-content\/uploads\/2016\/11\/14877162_314871145565698_1084189381_n-53x53.jpg 53w\" sizes=\"(max-width: 150px) 100vw, 150px\" \/><\/a>\n\t\t\t<\/dt><\/dl><dl class='gallery-item'>\n\t\t\t<dt class='gallery-icon landscape'>\n\t\t\t\t<a href='http:\/\/enteculturalsantafesino.com.ar\/usina2\/2016\/11\/la-sala-cultural-ernesto-sabato-se-lleno-de-poesias-santafesinas\/14881617_314871022232377_1833637888_o\/'><img loading=\"lazy\" decoding=\"async\" width=\"150\" height=\"150\" src=\"http:\/\/enteculturalsantafesino.com.ar\/usina2\/wp-content\/uploads\/2016\/11\/14881617_314871022232377_1833637888_o-150x150.jpg\" class=\"attachment-thumbnail size-thumbnail\" alt=\"\" srcset=\"http:\/\/enteculturalsantafesino.com.ar\/usina2\/wp-content\/uploads\/2016\/11\/14881617_314871022232377_1833637888_o-150x150.jpg 150w, http:\/\/enteculturalsantafesino.com.ar\/usina2\/wp-content\/uploads\/2016\/11\/14881617_314871022232377_1833637888_o-53x53.jpg 53w\" sizes=\"(max-width: 150px) 100vw, 150px\" \/><\/a>\n\t\t\t<\/dt><\/dl><dl class='gallery-item'>\n\t\t\t<dt class='gallery-icon landscape'>\n\t\t\t\t<a href='http:\/\/enteculturalsantafesino.com.ar\/usina2\/2016\/11\/la-sala-cultural-ernesto-sabato-se-lleno-de-poesias-santafesinas\/14885880_314871132232366_1331187462_n\/'><img loading=\"lazy\" decoding=\"async\" width=\"150\" height=\"150\" src=\"http:\/\/enteculturalsantafesino.com.ar\/usina2\/wp-content\/uploads\/2016\/11\/14885880_314871132232366_1331187462_n-150x150.jpg\" class=\"attachment-thumbnail size-thumbnail\" alt=\"\" srcset=\"http:\/\/enteculturalsantafesino.com.ar\/usina2\/wp-content\/uploads\/2016\/11\/14885880_314871132232366_1331187462_n-150x150.jpg 150w, http:\/\/enteculturalsantafesino.com.ar\/usina2\/wp-content\/uploads\/2016\/11\/14885880_314871132232366_1331187462_n-53x53.jpg 53w\" sizes=\"(max-width: 150px) 100vw, 150px\" \/><\/a>\n\t\t\t<\/dt><\/dl><dl class='gallery-item'>\n\t\t\t<dt class='gallery-icon landscape'>\n\t\t\t\t<a href='http:\/\/enteculturalsantafesino.com.ar\/usina2\/2016\/11\/la-sala-cultural-ernesto-sabato-se-lleno-de-poesias-santafesinas\/14914529_314871068899039_1634322868_n\/'><img loading=\"lazy\" decoding=\"async\" width=\"150\" height=\"150\" src=\"http:\/\/enteculturalsantafesino.com.ar\/usina2\/wp-content\/uploads\/2016\/11\/14914529_314871068899039_1634322868_n-150x150.jpg\" class=\"attachment-thumbnail size-thumbnail\" alt=\"\" srcset=\"http:\/\/enteculturalsantafesino.com.ar\/usina2\/wp-content\/uploads\/2016\/11\/14914529_314871068899039_1634322868_n-150x150.jpg 150w, http:\/\/enteculturalsantafesino.com.ar\/usina2\/wp-content\/uploads\/2016\/11\/14914529_314871068899039_1634322868_n-53x53.jpg 53w\" sizes=\"(max-width: 150px) 100vw, 150px\" \/><\/a>\n\t\t\t<\/dt><\/dl><br style=\"clear: both\" \/>\n\t\t<\/div>\n\n<blockquote><p>\u00abLa poes\u00eda es el sentimiento que le sobra al coraz\u00f3n y te sale por la mano\u00bb<\/p><\/blockquote>\n<p>A trav\u00e9s del auspicio de la <strong>Diputada Provincial Claudia Giaccone<\/strong>\u00a0y la coordinaci\u00f3n del destacado escritor\u00a0<strong>Yamil Dora,<\/strong>\u00a0el ciclo <strong>\u00abHistorias de Poetas Santafesinos\u00bb<\/strong> lleg\u00f3 a la comunidad de <strong>Mar\u00eda Juana<\/strong>, durante el \u00faltimo <strong>viernes 28<\/strong> en la <strong>Sala Cultural Ernesto S\u00e1bato.<\/strong><\/p>\n<p>Dicho acontecimiento cont\u00f3 con la presencia del <strong>Secretario de Cultura Mart\u00edn Luna<\/strong> quien destac\u00f3 el arribo de este programa a su comunidad permitiendo que escritores que se inician junto a de mayor trayectoria puedan interactuar y promover su arte.<\/p>\n<p>El <strong>casildense Yamil Dora<\/strong> se\u00f1al\u00f3 que este ciclo hoy tiene muchas solicitudes por parte de poetas santafesinos que se encuentran viviendo fuera de nuestra provincia y nos permite llegar al interior santafesino descubriendo muchos talentos y herramientas para que la poes\u00eda sea la protagonista a partir de ahora.<\/p>\n<p>La\u00a0propuesta tuvo la presencia de\u00a0<strong>\u00c1ngel\u00a0Oliva<\/strong> <em>quien\u00a0curs\u00f3 estudios secundarios en el Nacional N\u00b0 1 y universitarios en la Facultad de Humanidades y Artes en la carrera de Historia, de la que egres\u00f3 en el a\u00f1o 2003. Se desempe\u00f1a como profesor universitario en las facultades de Humanidades y Artes y Psicolog\u00eda. Es preceptor del Traductorado de ingl\u00e9s en el Instituto\u201d Olga Cossettini\u201d. Ha participado de diversos festivales y recitales de Poes\u00eda en la ciudad de Rosario y del pa\u00eds. Ha publicado dos libros de poes\u00eda a trav\u00e9s de la Editorial Alci\u00f3n; \u201cSalud\u201d (2005) y \u201cEn la zona de Selene\u201d (2011). Ha sido tambi\u00e9n organizador y coordinador de variados ciclos sobre poes\u00eda en la ciudad.<\/em><\/p>\n<p><strong>\u00abHistorias de Poetas Santafesinos\u00bb<\/strong> tendr\u00e1 su cierre el <strong>Viernes 11 de noviembre<\/strong> en la <strong>Biblioteca Argentina<\/strong> de Rosario a partir de las <strong>17:30hs<\/strong>, permitiendo que<em>\u00a0los poetas consagrados nacidos en territorio santafesino sigan contando su historia , abordando a los escritores y lectores de cada regi\u00f3n santafesina.<\/em><\/p>\n<p>&nbsp;<\/p>\n<div class=\"elements-box mt-20\"><\/div>\n","protected":false},"excerpt":{"rendered":"<p>\u00abLa poes\u00eda es el sentimiento que le sobra al coraz\u00f3n y te sale por la mano\u00bb A [&hellip;]<\/p>\n","protected":false},"author":3,"featured_media":17400,"comment_status":"closed","ping_status":"closed","sticky":false,"template":"","format":"standard","meta":{"_jetpack_memberships_contains_paid_content":false,"footnotes":"","jetpack_publicize_message":"","jetpack_publicize_feature_enabled":true,"jetpack_social_post_already_shared":true,"jetpack_social_options":{"image_generator_settings":{"template":"highway","enabled":false}}},"categories":[28,15],"tags":[],"jetpack_publicize_connections":[],"jetpack_featured_media_url":"http:\/\/enteculturalsantafesino.com.ar\/usina2\/wp-content\/uploads\/2016\/11\/14881617_314871022232377_1833637888_o.jpg","jetpack_sharing_enabled":true,"_links":{"self":[{"href":"http:\/\/enteculturalsantafesino.com.ar\/usina2\/wp-json\/wp\/v2\/posts\/17399"}],"collection":[{"href":"http:\/\/enteculturalsantafesino.com.ar\/usina2\/wp-json\/wp\/v2\/posts"}],"about":[{"href":"http:\/\/enteculturalsantafesino.com.ar\/usina2\/wp-json\/wp\/v2\/types\/post"}],"author":[{"embeddable":true,"href":"http:\/\/enteculturalsantafesino.com.ar\/usina2\/wp-json\/wp\/v2\/users\/3"}],"replies":[{"embeddable":true,"href":"http:\/\/enteculturalsantafesino.com.ar\/usina2\/wp-json\/wp\/v2\/comments?post=17399"}],"version-history":[{"count":2,"href":"http:\/\/enteculturalsantafesino.com.ar\/usina2\/wp-json\/wp\/v2\/posts\/17399\/revisions"}],"predecessor-version":[{"id":17405,"href":"http:\/\/enteculturalsantafesino.com.ar\/usina2\/wp-json\/wp\/v2\/posts\/17399\/revisions\/17405"}],"wp:featuredmedia":[{"embeddable":true,"href":"http:\/\/enteculturalsantafesino.com.ar\/usina2\/wp-json\/wp\/v2\/media\/17400"}],"wp:attachment":[{"href":"http:\/\/enteculturalsantafesino.com.ar\/usina2\/wp-json\/wp\/v2\/media?parent=17399"}],"wp:term":[{"taxonomy":"category","embeddable":true,"href":"http:\/\/enteculturalsantafesino.com.ar\/usina2\/wp-json\/wp\/v2\/categories?post=17399"},{"taxonomy":"post_tag","embeddable":true,"href":"http:\/\/enteculturalsantafesino.com.ar\/usina2\/wp-json\/wp\/v2\/tags?post=17399"}],"curies":[{"name":"wp","href":"https:\/\/api.w.org\/{rel}","templated":true}]}}