{"id":17406,"date":"2016-11-01T15:08:21","date_gmt":"2016-11-01T15:08:21","guid":{"rendered":"http:\/\/entecultura.com.ar\/usina2\/?p=17406"},"modified":"2016-11-01T15:08:21","modified_gmt":"2016-11-01T15:08:21","slug":"la-muestra-mujeres-200-anos-visito-la-localidad-de-ramona","status":"publish","type":"post","link":"http:\/\/enteculturalsantafesino.com.ar\/usina2\/2016\/11\/la-muestra-mujeres-200-anos-visito-la-localidad-de-ramona\/","title":{"rendered":"La Muestra \u00abMujeres 200 a\u00f1os\u00bb visit\u00f3 la localidad de Ramona"},"content":{"rendered":"\n\t\t<style type=\"text\/css\">\n\t\t\t#gallery-1 {\n\t\t\t\tmargin: auto;\n\t\t\t}\n\t\t\t#gallery-1 .gallery-item {\n\t\t\t\tfloat: left;\n\t\t\t\tmargin-top: 10px;\n\t\t\t\ttext-align: center;\n\t\t\t\twidth: 25%;\n\t\t\t}\n\t\t\t#gallery-1 img {\n\t\t\t\tborder: 2px solid #cfcfcf;\n\t\t\t}\n\t\t\t#gallery-1 .gallery-caption {\n\t\t\t\tmargin-left: 0;\n\t\t\t}\n\t\t\t\/* see gallery_shortcode() in wp-includes\/media.php *\/\n\t\t<\/style>\n\t\t<div id='gallery-1' class='gallery galleryid-17406 gallery-columns-4 gallery-size-thumbnail'><dl class='gallery-item'>\n\t\t\t<dt class='gallery-icon landscape'>\n\t\t\t\t<a href='http:\/\/enteculturalsantafesino.com.ar\/usina2\/2016\/11\/la-muestra-mujeres-200-anos-visito-la-localidad-de-ramona\/unnamed-2-4\/'><img loading=\"lazy\" decoding=\"async\" width=\"150\" height=\"150\" src=\"http:\/\/enteculturalsantafesino.com.ar\/usina2\/wp-content\/uploads\/2016\/11\/unnamed-2-150x150.jpg\" class=\"attachment-thumbnail size-thumbnail\" alt=\"\" srcset=\"http:\/\/enteculturalsantafesino.com.ar\/usina2\/wp-content\/uploads\/2016\/11\/unnamed-2-150x150.jpg 150w, http:\/\/enteculturalsantafesino.com.ar\/usina2\/wp-content\/uploads\/2016\/11\/unnamed-2-53x53.jpg 53w\" sizes=\"(max-width: 150px) 100vw, 150px\" \/><\/a>\n\t\t\t<\/dt><\/dl><dl class='gallery-item'>\n\t\t\t<dt class='gallery-icon landscape'>\n\t\t\t\t<a href='http:\/\/enteculturalsantafesino.com.ar\/usina2\/2016\/11\/la-muestra-mujeres-200-anos-visito-la-localidad-de-ramona\/unnamed-3-3\/'><img loading=\"lazy\" decoding=\"async\" width=\"150\" height=\"150\" src=\"http:\/\/enteculturalsantafesino.com.ar\/usina2\/wp-content\/uploads\/2016\/11\/unnamed-3-150x150.jpg\" class=\"attachment-thumbnail size-thumbnail\" alt=\"\" srcset=\"http:\/\/enteculturalsantafesino.com.ar\/usina2\/wp-content\/uploads\/2016\/11\/unnamed-3-150x150.jpg 150w, http:\/\/enteculturalsantafesino.com.ar\/usina2\/wp-content\/uploads\/2016\/11\/unnamed-3-53x53.jpg 53w\" sizes=\"(max-width: 150px) 100vw, 150px\" \/><\/a>\n\t\t\t<\/dt><\/dl><dl class='gallery-item'>\n\t\t\t<dt class='gallery-icon landscape'>\n\t\t\t\t<a href='http:\/\/enteculturalsantafesino.com.ar\/usina2\/2016\/11\/la-muestra-mujeres-200-anos-visito-la-localidad-de-ramona\/unnamed-4-2\/'><img loading=\"lazy\" decoding=\"async\" width=\"150\" height=\"150\" src=\"http:\/\/enteculturalsantafesino.com.ar\/usina2\/wp-content\/uploads\/2016\/11\/unnamed-4-150x150.jpg\" class=\"attachment-thumbnail size-thumbnail\" alt=\"\" srcset=\"http:\/\/enteculturalsantafesino.com.ar\/usina2\/wp-content\/uploads\/2016\/11\/unnamed-4-150x150.jpg 150w, http:\/\/enteculturalsantafesino.com.ar\/usina2\/wp-content\/uploads\/2016\/11\/unnamed-4-53x53.jpg 53w\" sizes=\"(max-width: 150px) 100vw, 150px\" \/><\/a>\n\t\t\t<\/dt><\/dl><dl class='gallery-item'>\n\t\t\t<dt class='gallery-icon landscape'>\n\t\t\t\t<a href='http:\/\/enteculturalsantafesino.com.ar\/usina2\/2016\/11\/la-muestra-mujeres-200-anos-visito-la-localidad-de-ramona\/unnamed-5-3\/'><img loading=\"lazy\" decoding=\"async\" width=\"150\" height=\"150\" src=\"http:\/\/enteculturalsantafesino.com.ar\/usina2\/wp-content\/uploads\/2016\/11\/unnamed-5-150x150.jpg\" class=\"attachment-thumbnail size-thumbnail\" alt=\"\" srcset=\"http:\/\/enteculturalsantafesino.com.ar\/usina2\/wp-content\/uploads\/2016\/11\/unnamed-5-150x150.jpg 150w, http:\/\/enteculturalsantafesino.com.ar\/usina2\/wp-content\/uploads\/2016\/11\/unnamed-5-53x53.jpg 53w\" sizes=\"(max-width: 150px) 100vw, 150px\" \/><\/a>\n\t\t\t<\/dt><\/dl><br style=\"clear: both\" \/>\n\t\t<\/div>\n\n<p>Con el auspicio del <strong>Ministerio de Cultura de la Naci\u00f3n<\/strong> y dando continuidad al recorrido por todo el territorio provincial, se inaugur\u00f3 en las instalaciones del <strong>Sal\u00f3n del Museo<\/strong>, durante el \u00faltimo <strong>viernes 28 de octubre<\/strong>, la <strong>Muestra itinerante \u201cMujeres 200 a\u00f1os\u201d.<\/strong><\/p>\n<p>La misma\u00a0es una exposici\u00f3n producida por la <strong>Casa Nacional del Bicentenario<\/strong> que propone visibilizar a las mujeres en su participaci\u00f3n en la historia argentina. Plantea lo femenino como punto de vista diferencial y, desde all\u00ed, pone en escena algunas zonas de tensi\u00f3n de nuestra historia pol\u00edtica, social y cultural.<\/p>\n<p>Hasta el lugar se acerc\u00f3 una gran cantidad de p\u00fablico quienes adem\u00e1s de apreciar la magn\u00edfica muestra, pudieron disfrutar de los trabajos realizados por artesanos locales, quienes fueron convocados por la Comuna local para realzar la jornada.<\/p>\n<p>Gracias al trabajo asociativo entre el <strong>Ente Cultural Santafesino<\/strong>, la <strong>Comuna de Ramona<\/strong> y el <strong>Grupo Esencia Cultural Ramona<\/strong>, la muestra toc\u00f3 suelo ramonense, demostrando que el trabajo conjunto redunda en beneficio de los vecinos de las diferentes comunidades.<\/p>\n<p>&nbsp;<\/p>\n","protected":false},"excerpt":{"rendered":"<p>Con el auspicio del Ministerio de Cultura de la Naci\u00f3n y dando continuidad al recorrido por todo [&hellip;]<\/p>\n","protected":false},"author":3,"featured_media":17409,"comment_status":"closed","ping_status":"closed","sticky":false,"template":"","format":"standard","meta":{"_jetpack_memberships_contains_paid_content":false,"footnotes":"","jetpack_publicize_message":"","jetpack_publicize_feature_enabled":true,"jetpack_social_post_already_shared":true,"jetpack_social_options":{"image_generator_settings":{"template":"highway","enabled":false}}},"categories":[28,31],"tags":[],"jetpack_publicize_connections":[],"jetpack_featured_media_url":"http:\/\/enteculturalsantafesino.com.ar\/usina2\/wp-content\/uploads\/2016\/11\/unnamed-4.jpg","jetpack_sharing_enabled":true,"_links":{"self":[{"href":"http:\/\/enteculturalsantafesino.com.ar\/usina2\/wp-json\/wp\/v2\/posts\/17406"}],"collection":[{"href":"http:\/\/enteculturalsantafesino.com.ar\/usina2\/wp-json\/wp\/v2\/posts"}],"about":[{"href":"http:\/\/enteculturalsantafesino.com.ar\/usina2\/wp-json\/wp\/v2\/types\/post"}],"author":[{"embeddable":true,"href":"http:\/\/enteculturalsantafesino.com.ar\/usina2\/wp-json\/wp\/v2\/users\/3"}],"replies":[{"embeddable":true,"href":"http:\/\/enteculturalsantafesino.com.ar\/usina2\/wp-json\/wp\/v2\/comments?post=17406"}],"version-history":[{"count":1,"href":"http:\/\/enteculturalsantafesino.com.ar\/usina2\/wp-json\/wp\/v2\/posts\/17406\/revisions"}],"predecessor-version":[{"id":17411,"href":"http:\/\/enteculturalsantafesino.com.ar\/usina2\/wp-json\/wp\/v2\/posts\/17406\/revisions\/17411"}],"wp:featuredmedia":[{"embeddable":true,"href":"http:\/\/enteculturalsantafesino.com.ar\/usina2\/wp-json\/wp\/v2\/media\/17409"}],"wp:attachment":[{"href":"http:\/\/enteculturalsantafesino.com.ar\/usina2\/wp-json\/wp\/v2\/media?parent=17406"}],"wp:term":[{"taxonomy":"category","embeddable":true,"href":"http:\/\/enteculturalsantafesino.com.ar\/usina2\/wp-json\/wp\/v2\/categories?post=17406"},{"taxonomy":"post_tag","embeddable":true,"href":"http:\/\/enteculturalsantafesino.com.ar\/usina2\/wp-json\/wp\/v2\/tags?post=17406"}],"curies":[{"name":"wp","href":"https:\/\/api.w.org\/{rel}","templated":true}]}}