{"id":17413,"date":"2016-11-04T15:25:52","date_gmt":"2016-11-04T15:25:52","guid":{"rendered":"http:\/\/entecultura.com.ar\/usina2\/?p=17413"},"modified":"2016-11-04T15:25:52","modified_gmt":"2016-11-04T15:25:52","slug":"la-asociacion-de-rescate-forestal-de-villa-guillermina-diserto-en-rafaela","status":"publish","type":"post","link":"http:\/\/enteculturalsantafesino.com.ar\/usina2\/2016\/11\/la-asociacion-de-rescate-forestal-de-villa-guillermina-diserto-en-rafaela\/","title":{"rendered":"La Asociaci\u00f3n de Rescate Forestal de Villa Guillermina disert\u00f3 en Rafaela"},"content":{"rendered":"\n\t\t<style type=\"text\/css\">\n\t\t\t#gallery-1 {\n\t\t\t\tmargin: auto;\n\t\t\t}\n\t\t\t#gallery-1 .gallery-item {\n\t\t\t\tfloat: left;\n\t\t\t\tmargin-top: 10px;\n\t\t\t\ttext-align: center;\n\t\t\t\twidth: 25%;\n\t\t\t}\n\t\t\t#gallery-1 img {\n\t\t\t\tborder: 2px solid #cfcfcf;\n\t\t\t}\n\t\t\t#gallery-1 .gallery-caption {\n\t\t\t\tmargin-left: 0;\n\t\t\t}\n\t\t\t\/* see gallery_shortcode() in wp-includes\/media.php *\/\n\t\t<\/style>\n\t\t<div id='gallery-1' class='gallery galleryid-17413 gallery-columns-4 gallery-size-thumbnail'><dl class='gallery-item'>\n\t\t\t<dt class='gallery-icon landscape'>\n\t\t\t\t<a href='http:\/\/enteculturalsantafesino.com.ar\/usina2\/2016\/11\/la-asociacion-de-rescate-forestal-de-villa-guillermina-diserto-en-rafaela\/img_9337\/'><img loading=\"lazy\" decoding=\"async\" width=\"150\" height=\"150\" src=\"http:\/\/enteculturalsantafesino.com.ar\/usina2\/wp-content\/uploads\/2016\/11\/IMG_9337-150x150.jpg\" class=\"attachment-thumbnail size-thumbnail\" alt=\"\" srcset=\"http:\/\/enteculturalsantafesino.com.ar\/usina2\/wp-content\/uploads\/2016\/11\/IMG_9337-150x150.jpg 150w, http:\/\/enteculturalsantafesino.com.ar\/usina2\/wp-content\/uploads\/2016\/11\/IMG_9337-53x53.jpg 53w\" sizes=\"(max-width: 150px) 100vw, 150px\" \/><\/a>\n\t\t\t<\/dt><\/dl><dl class='gallery-item'>\n\t\t\t<dt class='gallery-icon landscape'>\n\t\t\t\t<a href='http:\/\/enteculturalsantafesino.com.ar\/usina2\/2016\/11\/la-asociacion-de-rescate-forestal-de-villa-guillermina-diserto-en-rafaela\/img_9321\/'><img loading=\"lazy\" decoding=\"async\" width=\"150\" height=\"150\" src=\"http:\/\/enteculturalsantafesino.com.ar\/usina2\/wp-content\/uploads\/2016\/11\/IMG_9321-150x150.jpg\" class=\"attachment-thumbnail size-thumbnail\" alt=\"\" srcset=\"http:\/\/enteculturalsantafesino.com.ar\/usina2\/wp-content\/uploads\/2016\/11\/IMG_9321-150x150.jpg 150w, http:\/\/enteculturalsantafesino.com.ar\/usina2\/wp-content\/uploads\/2016\/11\/IMG_9321-53x53.jpg 53w\" sizes=\"(max-width: 150px) 100vw, 150px\" \/><\/a>\n\t\t\t<\/dt><\/dl><dl class='gallery-item'>\n\t\t\t<dt class='gallery-icon landscape'>\n\t\t\t\t<a href='http:\/\/enteculturalsantafesino.com.ar\/usina2\/2016\/11\/la-asociacion-de-rescate-forestal-de-villa-guillermina-diserto-en-rafaela\/img_9339\/'><img loading=\"lazy\" decoding=\"async\" width=\"150\" height=\"150\" src=\"http:\/\/enteculturalsantafesino.com.ar\/usina2\/wp-content\/uploads\/2016\/11\/IMG_9339-150x150.jpg\" class=\"attachment-thumbnail size-thumbnail\" alt=\"\" srcset=\"http:\/\/enteculturalsantafesino.com.ar\/usina2\/wp-content\/uploads\/2016\/11\/IMG_9339-150x150.jpg 150w, http:\/\/enteculturalsantafesino.com.ar\/usina2\/wp-content\/uploads\/2016\/11\/IMG_9339-53x53.jpg 53w\" sizes=\"(max-width: 150px) 100vw, 150px\" \/><\/a>\n\t\t\t<\/dt><\/dl><dl class='gallery-item'>\n\t\t\t<dt class='gallery-icon landscape'>\n\t\t\t\t<a href='http:\/\/enteculturalsantafesino.com.ar\/usina2\/2016\/11\/la-asociacion-de-rescate-forestal-de-villa-guillermina-diserto-en-rafaela\/img_9365\/'><img loading=\"lazy\" decoding=\"async\" width=\"150\" height=\"150\" src=\"http:\/\/enteculturalsantafesino.com.ar\/usina2\/wp-content\/uploads\/2016\/11\/IMG_9365-150x150.jpg\" class=\"attachment-thumbnail size-thumbnail\" alt=\"\" srcset=\"http:\/\/enteculturalsantafesino.com.ar\/usina2\/wp-content\/uploads\/2016\/11\/IMG_9365-150x150.jpg 150w, http:\/\/enteculturalsantafesino.com.ar\/usina2\/wp-content\/uploads\/2016\/11\/IMG_9365-53x53.jpg 53w\" sizes=\"(max-width: 150px) 100vw, 150px\" \/><\/a>\n\t\t\t<\/dt><\/dl><br style=\"clear: both\" \/><dl class='gallery-item'>\n\t\t\t<dt class='gallery-icon landscape'>\n\t\t\t\t<a href='http:\/\/enteculturalsantafesino.com.ar\/usina2\/2016\/11\/la-asociacion-de-rescate-forestal-de-villa-guillermina-diserto-en-rafaela\/img_9387\/'><img loading=\"lazy\" decoding=\"async\" width=\"150\" height=\"150\" src=\"http:\/\/enteculturalsantafesino.com.ar\/usina2\/wp-content\/uploads\/2016\/11\/IMG_9387-150x150.jpg\" class=\"attachment-thumbnail size-thumbnail\" alt=\"\" srcset=\"http:\/\/enteculturalsantafesino.com.ar\/usina2\/wp-content\/uploads\/2016\/11\/IMG_9387-150x150.jpg 150w, http:\/\/enteculturalsantafesino.com.ar\/usina2\/wp-content\/uploads\/2016\/11\/IMG_9387-53x53.jpg 53w\" sizes=\"(max-width: 150px) 100vw, 150px\" \/><\/a>\n\t\t\t<\/dt><\/dl><dl class='gallery-item'>\n\t\t\t<dt class='gallery-icon landscape'>\n\t\t\t\t<a href='http:\/\/enteculturalsantafesino.com.ar\/usina2\/2016\/11\/la-asociacion-de-rescate-forestal-de-villa-guillermina-diserto-en-rafaela\/img_9382\/'><img loading=\"lazy\" decoding=\"async\" width=\"150\" height=\"150\" src=\"http:\/\/enteculturalsantafesino.com.ar\/usina2\/wp-content\/uploads\/2016\/11\/IMG_9382-150x150.jpg\" class=\"attachment-thumbnail size-thumbnail\" alt=\"\" srcset=\"http:\/\/enteculturalsantafesino.com.ar\/usina2\/wp-content\/uploads\/2016\/11\/IMG_9382-150x150.jpg 150w, http:\/\/enteculturalsantafesino.com.ar\/usina2\/wp-content\/uploads\/2016\/11\/IMG_9382-53x53.jpg 53w\" sizes=\"(max-width: 150px) 100vw, 150px\" \/><\/a>\n\t\t\t<\/dt><\/dl><dl class='gallery-item'>\n\t\t\t<dt class='gallery-icon landscape'>\n\t\t\t\t<a href='http:\/\/enteculturalsantafesino.com.ar\/usina2\/2016\/11\/la-asociacion-de-rescate-forestal-de-villa-guillermina-diserto-en-rafaela\/img_9396\/'><img loading=\"lazy\" decoding=\"async\" width=\"150\" height=\"150\" src=\"http:\/\/enteculturalsantafesino.com.ar\/usina2\/wp-content\/uploads\/2016\/11\/IMG_9396-150x150.jpg\" class=\"attachment-thumbnail size-thumbnail\" alt=\"\" srcset=\"http:\/\/enteculturalsantafesino.com.ar\/usina2\/wp-content\/uploads\/2016\/11\/IMG_9396-150x150.jpg 150w, http:\/\/enteculturalsantafesino.com.ar\/usina2\/wp-content\/uploads\/2016\/11\/IMG_9396-53x53.jpg 53w\" sizes=\"(max-width: 150px) 100vw, 150px\" \/><\/a>\n\t\t\t<\/dt><\/dl><dl class='gallery-item'>\n\t\t\t<dt class='gallery-icon landscape'>\n\t\t\t\t<a href='http:\/\/enteculturalsantafesino.com.ar\/usina2\/2016\/11\/la-asociacion-de-rescate-forestal-de-villa-guillermina-diserto-en-rafaela\/img_9334\/'><img loading=\"lazy\" decoding=\"async\" width=\"150\" height=\"150\" src=\"http:\/\/enteculturalsantafesino.com.ar\/usina2\/wp-content\/uploads\/2016\/11\/IMG_9334-150x150.jpg\" class=\"attachment-thumbnail size-thumbnail\" alt=\"\" srcset=\"http:\/\/enteculturalsantafesino.com.ar\/usina2\/wp-content\/uploads\/2016\/11\/IMG_9334-150x150.jpg 150w, http:\/\/enteculturalsantafesino.com.ar\/usina2\/wp-content\/uploads\/2016\/11\/IMG_9334-53x53.jpg 53w\" sizes=\"(max-width: 150px) 100vw, 150px\" \/><\/a>\n\t\t\t<\/dt><\/dl><br style=\"clear: both\" \/>\n\t\t<\/div>\n\n<p>La diputada provincial Claudia Giaccone, junto al director de la Usina V del Ente Cultural Santafesino, Ernesto Paulon, participaron de la actividad organizada por el Ateneo Arturo Jauretche y la CGT rafaelina, que se realiz\u00f3 en la Biblioteca Municipal \u00abLermo R. Balbi\u00bb, ubicada dentro del Complejo Cultural del Viejo Mercado. La misma cont\u00f3 con el apoyo de la Secretar\u00eda de Educaci\u00f3n de la Municipalidad de Rafaela y se realiz\u00f3 en el marco de la programaci\u00f3n trimestral \u00abIdentidades\u00bb.<\/p>\n<p>Durante el evento se proyect\u00f3 \u00a0la pel\u00edcula Quebracho -a 42 a\u00f1os de su estreno-, y con auspicio de la legisladora asisti\u00f3 la <strong>Asociaci\u00f3n de Rescate de la Cultura Forestal<\/strong>\u00a0de\u00a0<strong>Villa Guillermina, <\/strong>cuyos integrantes brindaron una charla con toda una descripci\u00f3n de su actividad en la b\u00fasqueda de rescatar esa cultura del quebracho, en c\u00f3mo est\u00e1n hoy pensando el desarrollo sustentable de la regi\u00f3n con los recursos del lugar, y los logros que han tenido en cuanto al incremento poblacional al detenerse el \u00e9xodo en busca de trabajo.<\/p>\n<p>Durante el encuentro hablaron Vanina Flesia, coordinadora de la Secretar\u00eda de Educaci\u00f3n; Rub\u00e9n Bossana, del Ateneo Arturo Jauretche; y Marcelo Lombardo, en representaci\u00f3n de la CGT Rafaela. Mientras que Sergio Grazioli y Lucas Mar\u00edn interpretaron un tema musical del\u00a0 filme La Forestal para darle lugara alos integrantes de la <strong>Asociaci\u00f3n del Rescate de la Cultura Forestal encabezados por su Presidente Gustavo Toranzo, Maria Dionisia Casco integrante de la Asociaci\u00f3n y Clelia Acevedo -Comisi\u00f3n Comunal<\/strong>&#8211; posteriormente\u00a0se escuch\u00f3 el testimonio de Josefina Andrenelli, una rafaelina ex docente en Villa Guillermina.<\/p>\n<p><em>\u201cFue una hermosa y emotiva actividad, que permiten reflexionar sobre el interior de la provincia de Santa Fe, la riqueza de su diversidad, y la afirmaci\u00f3n de nuestra identidad como santafesinos\u201d, <\/em>expres\u00f3 Giaccone.<em> \u201cPensamos en la Asociaci\u00f3n<\/em> <strong><em>de Rescate de la Cultura Forestal<\/em><\/strong><em>\u00a0como una embajada cultural y de reflexi\u00f3n sobre el desarrollo de nuestro interior santafesino, en este caso el norte forestal, y de intercambio con distintas regiones productivas y geogr\u00e1fica de nuestra Provincia\u201d. <\/em><\/p>\n<p><em>\u201cAl <\/em><em>ver la pel\u00edcula filmada enteramente en aquellos pueblos hace cuatro d\u00e9cadas, fue movilizador comparar con el desarrollo que hoy se ha logrado en Villa Guillermina\u201d, <\/em>continu\u00f3 diciendo la diputada.<em> \u201cY poder discutir y reflexionar sobre eso. Por eso este paso es el inicio de un recorrido que ir\u00e1 llevando a la Asociaci\u00f3n por distintos puntos del interior de Santa Fe, una provincia formada por regiones diversas unas de otras, pero siempre en un trabajo de afirmaci\u00f3n de nuestra identidad, que es lo que hacemos con el Ente Cultural Santafesino<\/em>\u201d, concluy\u00f3 Claudia Giaccone.<\/p>\n","protected":false},"excerpt":{"rendered":"<p>La diputada provincial Claudia Giaccone, junto al director de la Usina V del Ente Cultural Santafesino, Ernesto [&hellip;]<\/p>\n","protected":false},"author":3,"featured_media":17422,"comment_status":"closed","ping_status":"closed","sticky":false,"template":"","format":"standard","meta":{"_jetpack_memberships_contains_paid_content":false,"footnotes":"","jetpack_publicize_message":"","jetpack_publicize_feature_enabled":true,"jetpack_social_post_already_shared":true,"jetpack_social_options":{"image_generator_settings":{"template":"highway","enabled":false}}},"categories":[1],"tags":[],"jetpack_publicize_connections":[],"jetpack_featured_media_url":"http:\/\/enteculturalsantafesino.com.ar\/usina2\/wp-content\/uploads\/2016\/11\/IMG_9365.jpg","jetpack_sharing_enabled":true,"_links":{"self":[{"href":"http:\/\/enteculturalsantafesino.com.ar\/usina2\/wp-json\/wp\/v2\/posts\/17413"}],"collection":[{"href":"http:\/\/enteculturalsantafesino.com.ar\/usina2\/wp-json\/wp\/v2\/posts"}],"about":[{"href":"http:\/\/enteculturalsantafesino.com.ar\/usina2\/wp-json\/wp\/v2\/types\/post"}],"author":[{"embeddable":true,"href":"http:\/\/enteculturalsantafesino.com.ar\/usina2\/wp-json\/wp\/v2\/users\/3"}],"replies":[{"embeddable":true,"href":"http:\/\/enteculturalsantafesino.com.ar\/usina2\/wp-json\/wp\/v2\/comments?post=17413"}],"version-history":[{"count":1,"href":"http:\/\/enteculturalsantafesino.com.ar\/usina2\/wp-json\/wp\/v2\/posts\/17413\/revisions"}],"predecessor-version":[{"id":17426,"href":"http:\/\/enteculturalsantafesino.com.ar\/usina2\/wp-json\/wp\/v2\/posts\/17413\/revisions\/17426"}],"wp:featuredmedia":[{"embeddable":true,"href":"http:\/\/enteculturalsantafesino.com.ar\/usina2\/wp-json\/wp\/v2\/media\/17422"}],"wp:attachment":[{"href":"http:\/\/enteculturalsantafesino.com.ar\/usina2\/wp-json\/wp\/v2\/media?parent=17413"}],"wp:term":[{"taxonomy":"category","embeddable":true,"href":"http:\/\/enteculturalsantafesino.com.ar\/usina2\/wp-json\/wp\/v2\/categories?post=17413"},{"taxonomy":"post_tag","embeddable":true,"href":"http:\/\/enteculturalsantafesino.com.ar\/usina2\/wp-json\/wp\/v2\/tags?post=17413"}],"curies":[{"name":"wp","href":"https:\/\/api.w.org\/{rel}","templated":true}]}}