{"id":17522,"date":"2017-03-15T15:14:46","date_gmt":"2017-03-15T15:14:46","guid":{"rendered":"http:\/\/entecultura.com.ar\/usina2\/?p=17522"},"modified":"2017-03-15T18:26:32","modified_gmt":"2017-03-15T18:26:32","slug":"ataliva-la-nueva-soberana-es-constanza-alliobero","status":"publish","type":"post","link":"http:\/\/enteculturalsantafesino.com.ar\/usina2\/2017\/03\/ataliva-la-nueva-soberana-es-constanza-alliobero\/","title":{"rendered":"Ataliva: La nueva soberana es Constanza Alliobero."},"content":{"rendered":"<p>El mal tiempo opac\u00f3 la 31\u00aa edici\u00f3n de la Fiesta Provincial, 2\u00aa Nacional del Chorizo Artesanal. Debemos recordar que este a\u00f1o la fecha original era el s\u00e1bado 14 de enero y por motivos climatol\u00f3gicos debi\u00f3 posponerse.<\/p>\n<p>En la reprogramaci\u00f3n nuevamente el tiempo jug\u00f3 una mala pasada lo que malogr\u00f3 el espect\u00e1culo cuando estaba en pleno desarrollo. Un inoportuno chaparr\u00f3n dispers\u00f3 a la gente que estaba concentrada en la cancha de f\u00fatbol del Club Independiente provocando el desbande y desvirtuando un programa que desde su comienzo no tuvo la aceptaci\u00f3n de ediciones anteriores y que fue agravado por las inclemencias clim\u00e1ticas. Sumado a eso, la noche se presentaba algo fr\u00eda para estar al aire libre.<br \/>\nLuego de que el maestro de ceremonias inaugurara la fiesta comenzaron los espect\u00e1culos con la presentaci\u00f3n del grupo rafaelino \u00abClave Folk\u00bb y el \u00abS\u00faper Fant\u00e1stico\u00bb, de Ataliva.<\/p>\n<p>Luego de una pausa comenz\u00f3 el desfile de las 15 candidatas al reinado para reemplazar a Paula Ru\u00e1. Cuando se estaba desarrollando esto, comenz\u00f3 a llover, lo que oblig\u00f3 a buscar refugios y algunos se retiraron del predio.<\/p>\n<p>Luego de un tiempo de tensi\u00f3n y suspenso por parte de todos, se resolvi\u00f3 trasladar la ceremonia al sal\u00f3n comedor del club para elegir y coronar a las nuevas soberanas.<\/p>\n<p>Con la presencia del Gobernador se coron\u00f3 como nueva reina a Constanza Alliobero, de Ataliva, siendo sus princesas Ayl\u00e9n Stemberger, de Progreso y Daiana Gonz\u00e1lez, de Colonia Ana.<br \/>\nLa lluvia amain\u00f3 y los que se quedaron desafiando al tiempo disfrutaron parte de los espect\u00e1culos programados, pero en un festival disminuido. Esta fiesta, que es pionera en el departamento Castellanos, no pudo en este a\u00f1o cristalizar un excelente programa como se lo hubiese deseado por diferentes situaciones actuales que incidieron en su plena realizaci\u00f3n.<\/p>\n<p>\u00abLa Quinta Cumbia\u00bb le puso m\u00fasica a una noche complicada, hasta las 4 de la madrugada.<\/p>\n<p>Se debe resaltar que no pudieron presentarse los espect\u00e1culos de Mario Pereyra y Sergio Torres, motivo por el cual desde la Comisi\u00f3n Directiva del Club se anunciar\u00e1, en breve, un baile con estos n\u00fameros musicales.<\/p>\n<p><em><strong>Fuente Diario Castellanos<\/strong><\/em><\/p>\n<p>&nbsp;<\/p>\n<p><strong>Una fiesta con\u00a0trayectoria<\/strong><\/p>\n<p>&nbsp;<\/p>\n<p>La Fiesta Nacional del Chorizo Artesanal en Ataliva surgi\u00f3 en 1986 como una forma de rendir homenaje a los antepasados de origen piamont\u00e9s que llegaron a estas tierras y continuaron a trav\u00e9s de los a\u00f1os, con las costumbre de elaborar los embutidos como verdaderos artesanos. Fue declarada de Inter\u00e9s Provincial en 1988, por decreto N\u00b0 5100 e incorporada al calendario de la Direcci\u00f3n General de Turismo de Santa Fe.<br \/>\nEn octubre de 2015, seg\u00fan decreto N\u00b0 310, fue declarada Fiesta Nacional por el Ministerio de Turismo de la Naci\u00f3n.<\/p>\n","protected":false},"excerpt":{"rendered":"<p>El mal tiempo opac\u00f3 la 31\u00aa edici\u00f3n de la Fiesta Provincial, 2\u00aa Nacional del Chorizo Artesanal. Debemos [&hellip;]<\/p>\n","protected":false},"author":3,"featured_media":17523,"comment_status":"closed","ping_status":"closed","sticky":false,"template":"","format":"standard","meta":{"_jetpack_memberships_contains_paid_content":false,"footnotes":"","jetpack_publicize_message":"","jetpack_publicize_feature_enabled":true,"jetpack_social_post_already_shared":true,"jetpack_social_options":{"image_generator_settings":{"template":"highway","enabled":false}}},"categories":[1],"tags":[],"jetpack_publicize_connections":[],"jetpack_featured_media_url":"http:\/\/enteculturalsantafesino.com.ar\/usina2\/wp-content\/uploads\/2017\/03\/77316-0000.jpg","jetpack_sharing_enabled":true,"_links":{"self":[{"href":"http:\/\/enteculturalsantafesino.com.ar\/usina2\/wp-json\/wp\/v2\/posts\/17522"}],"collection":[{"href":"http:\/\/enteculturalsantafesino.com.ar\/usina2\/wp-json\/wp\/v2\/posts"}],"about":[{"href":"http:\/\/enteculturalsantafesino.com.ar\/usina2\/wp-json\/wp\/v2\/types\/post"}],"author":[{"embeddable":true,"href":"http:\/\/enteculturalsantafesino.com.ar\/usina2\/wp-json\/wp\/v2\/users\/3"}],"replies":[{"embeddable":true,"href":"http:\/\/enteculturalsantafesino.com.ar\/usina2\/wp-json\/wp\/v2\/comments?post=17522"}],"version-history":[{"count":3,"href":"http:\/\/enteculturalsantafesino.com.ar\/usina2\/wp-json\/wp\/v2\/posts\/17522\/revisions"}],"predecessor-version":[{"id":17526,"href":"http:\/\/enteculturalsantafesino.com.ar\/usina2\/wp-json\/wp\/v2\/posts\/17522\/revisions\/17526"}],"wp:featuredmedia":[{"embeddable":true,"href":"http:\/\/enteculturalsantafesino.com.ar\/usina2\/wp-json\/wp\/v2\/media\/17523"}],"wp:attachment":[{"href":"http:\/\/enteculturalsantafesino.com.ar\/usina2\/wp-json\/wp\/v2\/media?parent=17522"}],"wp:term":[{"taxonomy":"category","embeddable":true,"href":"http:\/\/enteculturalsantafesino.com.ar\/usina2\/wp-json\/wp\/v2\/categories?post=17522"},{"taxonomy":"post_tag","embeddable":true,"href":"http:\/\/enteculturalsantafesino.com.ar\/usina2\/wp-json\/wp\/v2\/tags?post=17522"}],"curies":[{"name":"wp","href":"https:\/\/api.w.org\/{rel}","templated":true}]}}