{"id":17615,"date":"2017-05-07T20:05:54","date_gmt":"2017-05-07T20:05:54","guid":{"rendered":"http:\/\/enteculturalsantafesino.com.ar\/usina2\/?p=17615"},"modified":"2017-05-07T20:05:54","modified_gmt":"2017-05-07T20:05:54","slug":"la-usina-cultural-ii-llevo-a-cabo-su-reunion-mensual-en-bella-italia","status":"publish","type":"post","link":"http:\/\/enteculturalsantafesino.com.ar\/usina2\/2017\/05\/la-usina-cultural-ii-llevo-a-cabo-su-reunion-mensual-en-bella-italia\/","title":{"rendered":"La Usina Cultural II llev\u00f3 a cabo su reuni\u00f3n mensual en Bella Italia"},"content":{"rendered":"<p>El jueves 4 de mayo se realiz\u00f3 la Reuni\u00f3n de la Usina II correspondiente al mes de mayo. La misma se tuvo lugar en la localidad de Bella Italia. Adem\u00e1s, del Presidente del Ente Cultural Santafesino, Profesor Javier Donetti y de los Directores de Usina Maximiliano Depetris &#8211; de Ramona y Erika Guse \u2013de la localidad de Felicia , asistieron referentes culturales de <em>Ataliva, Bella Italia, La Pelada, Mar\u00eda Juana, Nuevo Torino, Pilar y Sarmiento.<\/em><\/p>\n<p>Los asistentes fueron recibidos por el <strong>Presidente Comunal de Bella Italia,Sr H\u00e9ctor Perotti<\/strong> y la <strong>referente cultural Silvia Villalba<\/strong> y recorrieron sitios de inter\u00e9s de la localidad.<\/p>\n<p>En la reuni\u00f3n se ultimaron detalles de los Programas Cooltura, que se llevar\u00e1 a cabo el 28 de mayo en Nuevo Torino, y Forma y Color, que ser\u00e1 en Pilar el 22 de julio. Luego, se dieron a conocer las propuestas de este a\u00f1o dentro del \u00e1rea literatura: Clave de Cuento, De pueblo en pueblo y Aromas Santafesinos.<\/p>\n<p>Los asistentes comentaron tambi\u00e9n los Programas Ojos de Santa Fe, Compartiendo Cultura y Colores para jugar. En cuanto al Ciclo de Poetas Santafesinos, la primera fecha que corresponde a esta Usina es el 30 de mayo, en la localidad de Ataliva, que recibir\u00e1 la visita de la poetisa Beatriz Vignoli.<\/p>\n<p>Por \u00faltimo, se trat\u00f3 el tema del III Encuentro de Referentes Culturales Santafesinos: \u201cGestiones, Experiencias y Propuestas hacia una regionalizaci\u00f3n cultural\u201d, que tendr\u00e1 lugar los d\u00edas 19 y 20 de mayo, en las localidades de San Carlos Centro, G\u00e1lvez, Gessler y Esperanza.<\/p>\n","protected":false},"excerpt":{"rendered":"<p>El jueves 4 de mayo se realiz\u00f3 la Reuni\u00f3n de la Usina II correspondiente al mes de [&hellip;]<\/p>\n","protected":false},"author":3,"featured_media":17616,"comment_status":"closed","ping_status":"closed","sticky":false,"template":"","format":"standard","meta":{"_jetpack_memberships_contains_paid_content":false,"footnotes":"","jetpack_publicize_message":"","jetpack_publicize_feature_enabled":true,"jetpack_social_post_already_shared":true,"jetpack_social_options":{"image_generator_settings":{"template":"highway","enabled":false}}},"categories":[44,28],"tags":[],"jetpack_publicize_connections":[],"jetpack_featured_media_url":"http:\/\/enteculturalsantafesino.com.ar\/usina2\/wp-content\/uploads\/2017\/05\/18222105_1864269463812432_966005997943860410_n.jpg","jetpack_sharing_enabled":true,"_links":{"self":[{"href":"http:\/\/enteculturalsantafesino.com.ar\/usina2\/wp-json\/wp\/v2\/posts\/17615"}],"collection":[{"href":"http:\/\/enteculturalsantafesino.com.ar\/usina2\/wp-json\/wp\/v2\/posts"}],"about":[{"href":"http:\/\/enteculturalsantafesino.com.ar\/usina2\/wp-json\/wp\/v2\/types\/post"}],"author":[{"embeddable":true,"href":"http:\/\/enteculturalsantafesino.com.ar\/usina2\/wp-json\/wp\/v2\/users\/3"}],"replies":[{"embeddable":true,"href":"http:\/\/enteculturalsantafesino.com.ar\/usina2\/wp-json\/wp\/v2\/comments?post=17615"}],"version-history":[{"count":1,"href":"http:\/\/enteculturalsantafesino.com.ar\/usina2\/wp-json\/wp\/v2\/posts\/17615\/revisions"}],"predecessor-version":[{"id":17617,"href":"http:\/\/enteculturalsantafesino.com.ar\/usina2\/wp-json\/wp\/v2\/posts\/17615\/revisions\/17617"}],"wp:featuredmedia":[{"embeddable":true,"href":"http:\/\/enteculturalsantafesino.com.ar\/usina2\/wp-json\/wp\/v2\/media\/17616"}],"wp:attachment":[{"href":"http:\/\/enteculturalsantafesino.com.ar\/usina2\/wp-json\/wp\/v2\/media?parent=17615"}],"wp:term":[{"taxonomy":"category","embeddable":true,"href":"http:\/\/enteculturalsantafesino.com.ar\/usina2\/wp-json\/wp\/v2\/categories?post=17615"},{"taxonomy":"post_tag","embeddable":true,"href":"http:\/\/enteculturalsantafesino.com.ar\/usina2\/wp-json\/wp\/v2\/tags?post=17615"}],"curies":[{"name":"wp","href":"https:\/\/api.w.org\/{rel}","templated":true}]}}