{"id":17619,"date":"2017-05-13T15:40:23","date_gmt":"2017-05-13T15:40:23","guid":{"rendered":"http:\/\/enteculturalsantafesino.com.ar\/usina2\/?p=17619"},"modified":"2017-05-13T15:40:23","modified_gmt":"2017-05-13T15:40:23","slug":"esperanza-faltan-horas-para-la-13-fiesta-de-las-colectividades","status":"publish","type":"post","link":"http:\/\/enteculturalsantafesino.com.ar\/usina2\/2017\/05\/esperanza-faltan-horas-para-la-13-fiesta-de-las-colectividades\/","title":{"rendered":"Esperanza: Faltan horas para la 13 Fiesta de las Colectividades."},"content":{"rendered":"<p><em><strong>Ser\u00e1 este fin de semana en el SUM del Predio Ferial con seis colectividades diferentes y espect\u00e1culos. La entrada tendr\u00e1 un costo de $ 60 de los cuales $ 30 son tickets para consumir. El s\u00e1bado comenzar\u00e1 a las 20 y el domingo desde las 11:30.-<\/strong><\/em><\/p>\n<p><strong>S.U.M. del Predio Ferial de Esperanza \u2013 Aufranc 820<br \/>\n<\/strong><strong>S\u00e1bado 13 de Mayo \u2013 20 hs.<\/strong><br \/>\n<strong>Domingo 14 de Mayo \u2013 11:30 hs.<\/strong><\/p>\n<p><em><strong>S\u00c1BADO 13<\/strong><\/em><\/p>\n<ul>\n<li>COROS DE LA CIUDAD:<\/li>\n<\/ul>\n<p>Italia nel Cuore, CoroNACoral, Coro de la Sociedad de Canto, Taller de los Juglares, Coro del Club de Tango, Coro Voces de Oto\u00f1o, Agrupaci\u00f3n Coral Esperanza y Coro Manos que Cantan.<\/p>\n<ul>\n<li>BALLET MUNICIPAL DE DANZAS T\u00cdPICAS SUIZAS a cargo de Ariana Billoud.<\/li>\n<\/ul>\n<ul>\n<li>GRUPO BAILE Y GAITAS DE GALICIA \u2013 Colectividad Espa\u00f1ola.<\/li>\n<\/ul>\n<ul>\n<li>GRUPO DE DANZAS HAI\u00c1T \u2013 Colectividad Siria.<\/li>\n<\/ul>\n<ul>\n<li>TALLER MUNICIPAL DE TANGO del Liceo Municipal \u201cJos\u00e9 Pedroni\u201d.<\/li>\n<\/ul>\n<ul>\n<li>BALLET FIRQAT AL ARZ \u2013 Puesta en escena de una Boda Libanesa.<\/li>\n<\/ul>\n<ul>\n<li>GRUPO DE BAILE DEL HOGAR CHECOSLOVACO.<\/li>\n<\/ul>\n<ul>\n<li>LA KUARTETERA.<\/li>\n<\/ul>\n<p><em><strong>DOMINGO 14<\/strong><\/em><\/p>\n<ul>\n<li>BALLET FOLKL\u00d3RICO RA\u00cdCES DE MI TIERRA MONTE VERA.<\/li>\n<\/ul>\n<ul>\n<li>COLECTIVIDAD BOLIVIANA.<\/li>\n<\/ul>\n<ul>\n<li>ZILLERTAL ORQUESTA.<\/li>\n<\/ul>\n<ul>\n<li>DANZAS T\u00cdPICAS DE ABRUZZO COLECTIVIDAD ITALIANA.<\/li>\n<\/ul>\n<ul>\n<li>EMILIANO BILLOUD Y LOS JUGLARES.<\/li>\n<\/ul>\n<ul>\n<li>GRUPO DE DANZAS FOLKL\u00d3RICAS LA TRIBU.<\/li>\n<\/ul>\n<ul>\n<li>ESCUELA DE DANZAS \u00c1RABES NUR AL SHAMASH.<\/li>\n<\/ul>\n<ul>\n<li>PRESENTACI\u00d3N ELABORACI\u00d3N DULCE DE LECHE.<\/li>\n<li>CORONACI\u00d3N NUEVA REINA DE LAS COLECTIVIDADES.Para degustar:<\/li>\n<\/ul>\n<p><a href=\"http:\/\/enteculturalsantafesino.com.ar\/usina2\/wp-content\/uploads\/2017\/05\/menu.jpg\" rel=\"lightbox[17619]\"><img loading=\"lazy\" decoding=\"async\" class=\" wp-image-17621 alignleft\" src=\"http:\/\/enteculturalsantafesino.com.ar\/usina2\/wp-content\/uploads\/2017\/05\/menu-208x300.jpg\" alt=\"\" width=\"158\" height=\"228\" srcset=\"http:\/\/enteculturalsantafesino.com.ar\/usina2\/wp-content\/uploads\/2017\/05\/menu-208x300.jpg 208w, http:\/\/enteculturalsantafesino.com.ar\/usina2\/wp-content\/uploads\/2017\/05\/menu.jpg 650w\" sizes=\"(max-width: 158px) 100vw, 158px\" \/><\/a><\/p>\n","protected":false},"excerpt":{"rendered":"<p>Ser\u00e1 este fin de semana en el SUM del Predio Ferial con seis colectividades diferentes y espect\u00e1culos. [&hellip;]<\/p>\n","protected":false},"author":3,"featured_media":17620,"comment_status":"closed","ping_status":"closed","sticky":false,"template":"","format":"standard","meta":{"_jetpack_memberships_contains_paid_content":false,"footnotes":"","jetpack_publicize_message":"","jetpack_publicize_feature_enabled":true,"jetpack_social_post_already_shared":true,"jetpack_social_options":{"image_generator_settings":{"template":"highway","enabled":false}}},"categories":[33],"tags":[],"jetpack_publicize_connections":[],"jetpack_featured_media_url":"http:\/\/enteculturalsantafesino.com.ar\/usina2\/wp-content\/uploads\/2017\/05\/FIESTA_DE_LAS_COLECTIVIDADES_ESPERANZA-800x510-1.jpg","jetpack_sharing_enabled":true,"_links":{"self":[{"href":"http:\/\/enteculturalsantafesino.com.ar\/usina2\/wp-json\/wp\/v2\/posts\/17619"}],"collection":[{"href":"http:\/\/enteculturalsantafesino.com.ar\/usina2\/wp-json\/wp\/v2\/posts"}],"about":[{"href":"http:\/\/enteculturalsantafesino.com.ar\/usina2\/wp-json\/wp\/v2\/types\/post"}],"author":[{"embeddable":true,"href":"http:\/\/enteculturalsantafesino.com.ar\/usina2\/wp-json\/wp\/v2\/users\/3"}],"replies":[{"embeddable":true,"href":"http:\/\/enteculturalsantafesino.com.ar\/usina2\/wp-json\/wp\/v2\/comments?post=17619"}],"version-history":[{"count":1,"href":"http:\/\/enteculturalsantafesino.com.ar\/usina2\/wp-json\/wp\/v2\/posts\/17619\/revisions"}],"predecessor-version":[{"id":17622,"href":"http:\/\/enteculturalsantafesino.com.ar\/usina2\/wp-json\/wp\/v2\/posts\/17619\/revisions\/17622"}],"wp:featuredmedia":[{"embeddable":true,"href":"http:\/\/enteculturalsantafesino.com.ar\/usina2\/wp-json\/wp\/v2\/media\/17620"}],"wp:attachment":[{"href":"http:\/\/enteculturalsantafesino.com.ar\/usina2\/wp-json\/wp\/v2\/media?parent=17619"}],"wp:term":[{"taxonomy":"category","embeddable":true,"href":"http:\/\/enteculturalsantafesino.com.ar\/usina2\/wp-json\/wp\/v2\/categories?post=17619"},{"taxonomy":"post_tag","embeddable":true,"href":"http:\/\/enteculturalsantafesino.com.ar\/usina2\/wp-json\/wp\/v2\/tags?post=17619"}],"curies":[{"name":"wp","href":"https:\/\/api.w.org\/{rel}","templated":true}]}}