{"id":17627,"date":"2017-05-16T12:41:03","date_gmt":"2017-05-16T12:41:03","guid":{"rendered":"http:\/\/enteculturalsantafesino.com.ar\/usina2\/?p=17627"},"modified":"2017-05-16T12:41:03","modified_gmt":"2017-05-16T12:41:03","slug":"esperanza-exito-rotundo-de-la-13-fiesta-de-las-colectividades","status":"publish","type":"post","link":"http:\/\/enteculturalsantafesino.com.ar\/usina2\/2017\/05\/esperanza-exito-rotundo-de-la-13-fiesta-de-las-colectividades\/","title":{"rendered":"Esperanza: Exito rotundo de la 13 Fiesta de las Colectividades."},"content":{"rendered":"<p><em>\u201cEsta nueva edici\u00f3n de la ya tradicional Fiesta de Las Colectividades de nuestra ciudad super\u00f3 ampliamente la convocatoria de otras ediciones, por lo tanto queremos agradecer a todos quienes hicieron posible lo dec\u00edamos por ayer y lo reiteramos por el d\u00eda de hoy, fue una edici\u00f3n importante \u00a0del encuentro con nuestros or\u00edgenes, celebrando la diversidad que nos hizo quienes hoy somos\u201d expres\u00f3<\/em> Adriana Robledo.<\/p>\n<p><strong>Palabras de la Intendente:<\/strong><br \/>\nPara dar por iniciada la Fiesta Ana Meiners dirigi\u00f3 unas breves pero contundentes palabras, las que en su totalidad transcribimos:<\/p>\n<p>Cuando acomodaba este grupo de palabras que se me ven\u00edan a la cabeza para concretar mi \u00a0idea a trasmitir, cuando de alguna manera quer\u00eda poner en orden estas expresiones, lo que finalmente obtuve, lo que me sali\u00f3 es una invitaci\u00f3n;<\/p>\n<p>Si \u00a0tuve, tengo y tendr\u00e9 \u00a0la certeza que cada encuentro, que cada Fiesta de Las Colectividades que celebramos es un paso m\u00e1s hacia al afianzamiento de nuestra identidad esperancina, s\u00e9 que desde hace 13 a\u00f1os con este encuentro aportamos y mucho a la construcci\u00f3n \u00a0de nuestra identidad.<\/p>\n<p>Porque si bien es cierto que venimos a rescatar, y celebrar la diversidad, es esa compleja multiplicidad de donde nacimos, el n\u00facleo de quienes somos como comunidad; As\u00ed \u00a0valores y costumbres dis\u00edmiles de\u00a0 Suizos, Valesanos, Alemanes, Italianos, Espa\u00f1oles y Siriolibaneses son las que forjaron quienes hoy somos.<\/p>\n<p>Y aqu\u00ed es cuando esta reflexi\u00f3n que como les dec\u00eda trataba de ordenar, se transforma inexorablemente en una invitaci\u00f3n, se convierte en un desaf\u00edo del que todos y cada uno debemos tomar parte para concretarlo en realidad, no debe ni puede ser esfuerzo de algunos, ilusi\u00f3n de pocos, \u00a0tiene que ser, como estoy convencida lo es, el deseo de una inmensa mayor\u00eda que quiere afianzar y potenciar el ser esperancino;<\/p>\n<p>Entonces, \u00a0en momentos en los que una desmesurada exaltaci\u00f3n \u00a0de lo negativo, del antagonismo por el antagonismo en s\u00ed, nos quiere hacer creer que todo es blanco o negro, que todo es uno contra otro, que el \u00fanico camino posible es desandar todo lo hecho; Sin ser m\u00e1s que nadie y con mucho respeto, somos los habitantes de esta ciudad quienes podemos asegurar que, \u00a0respetando las discrepancias, \u00a0dialogando, \u00a0utilizando las diferencias para complementarnos, podemos hacer grandes cosas, lograr objetivos que nos hagan sentir orgullo, y sabemos lo venimos haciendo;\u00a0 La invitaci\u00f3n de la que les hablaba, este sue\u00f1o al que los quiero invitar es para profundizar el camino,\u00a0 para ir m\u00e1s lejos, para comprometernos y \u00a0seguir trabajando en el mismo sentido, sin cambiar ni un poco el empe\u00f1o y acuerdo \u00a0de nuestros mayores que entend\u00edan que la construcci\u00f3n en serio de una comunidad lleva tiempo, que algo grande se edifica de forma constante, sin desv\u00edos; Si lo hacemos, seremos nosotros quienes leguemos a quienes nos suceden, el cuidado y profundizaci\u00f3n de esta identidad que nos hace \u00fanicos.<\/p>\n<p>Amigos es esa la invitaci\u00f3n, celebremos la diversidad, que nos da la fuerza \u00a0para trabajar cada d\u00eda en la consolidaci\u00f3n del ser esperancino, legado invalorable que podemos construir juntos.<\/p>\n","protected":false},"excerpt":{"rendered":"<p>\u201cEsta nueva edici\u00f3n de la ya tradicional Fiesta de Las Colectividades de nuestra ciudad super\u00f3 ampliamente la [&hellip;]<\/p>\n","protected":false},"author":3,"featured_media":17628,"comment_status":"closed","ping_status":"closed","sticky":false,"template":"","format":"standard","meta":{"_jetpack_memberships_contains_paid_content":false,"footnotes":"","jetpack_publicize_message":"","jetpack_publicize_feature_enabled":true,"jetpack_social_post_already_shared":true,"jetpack_social_options":{"image_generator_settings":{"template":"highway","enabled":false}}},"categories":[33],"tags":[],"jetpack_publicize_connections":[],"jetpack_featured_media_url":"http:\/\/enteculturalsantafesino.com.ar\/usina2\/wp-content\/uploads\/2017\/05\/FIESTA_DE_LAS_COLECTIVIDADES_ESPERANZA-800x510-1-1.jpg","jetpack_sharing_enabled":true,"_links":{"self":[{"href":"http:\/\/enteculturalsantafesino.com.ar\/usina2\/wp-json\/wp\/v2\/posts\/17627"}],"collection":[{"href":"http:\/\/enteculturalsantafesino.com.ar\/usina2\/wp-json\/wp\/v2\/posts"}],"about":[{"href":"http:\/\/enteculturalsantafesino.com.ar\/usina2\/wp-json\/wp\/v2\/types\/post"}],"author":[{"embeddable":true,"href":"http:\/\/enteculturalsantafesino.com.ar\/usina2\/wp-json\/wp\/v2\/users\/3"}],"replies":[{"embeddable":true,"href":"http:\/\/enteculturalsantafesino.com.ar\/usina2\/wp-json\/wp\/v2\/comments?post=17627"}],"version-history":[{"count":1,"href":"http:\/\/enteculturalsantafesino.com.ar\/usina2\/wp-json\/wp\/v2\/posts\/17627\/revisions"}],"predecessor-version":[{"id":17629,"href":"http:\/\/enteculturalsantafesino.com.ar\/usina2\/wp-json\/wp\/v2\/posts\/17627\/revisions\/17629"}],"wp:featuredmedia":[{"embeddable":true,"href":"http:\/\/enteculturalsantafesino.com.ar\/usina2\/wp-json\/wp\/v2\/media\/17628"}],"wp:attachment":[{"href":"http:\/\/enteculturalsantafesino.com.ar\/usina2\/wp-json\/wp\/v2\/media?parent=17627"}],"wp:term":[{"taxonomy":"category","embeddable":true,"href":"http:\/\/enteculturalsantafesino.com.ar\/usina2\/wp-json\/wp\/v2\/categories?post=17627"},{"taxonomy":"post_tag","embeddable":true,"href":"http:\/\/enteculturalsantafesino.com.ar\/usina2\/wp-json\/wp\/v2\/tags?post=17627"}],"curies":[{"name":"wp","href":"https:\/\/api.w.org\/{rel}","templated":true}]}}