{"id":17633,"date":"2017-05-25T04:47:04","date_gmt":"2017-05-25T04:47:04","guid":{"rendered":"http:\/\/enteculturalsantafesino.com.ar\/usina2\/?p=17633"},"modified":"2017-05-25T04:47:04","modified_gmt":"2017-05-25T04:47:04","slug":"en-nuevo-torino-se-llevara-a-cabo-cooltura-junto-a-todos-las-comunidades-de-la-usina-ii","status":"publish","type":"post","link":"http:\/\/enteculturalsantafesino.com.ar\/usina2\/2017\/05\/en-nuevo-torino-se-llevara-a-cabo-cooltura-junto-a-todos-las-comunidades-de-la-usina-ii\/","title":{"rendered":"En Nuevo Torino se llevar\u00e1 a cabo \u00abCoolTURA\u00bb junto a todos las comunidades de la Usina II"},"content":{"rendered":"<p>El proximo <strong>domingo 28<\/strong> a partir de las <strong>14hs<\/strong> en el <strong>Club Juventud Moderna<\/strong> se llevar\u00e1 a cabo el\u00a0 desfile de dise\u00f1adores y costureras pertenecientes a la <strong>Usina Cultural II<\/strong>.<\/p>\n<p>El programa <strong>\u201cCoolTURA\u201d<\/strong> consiste en la exhibici\u00f3n de creaciones de los dise\u00f1adores que habitan en las localidades que forman parte del <a href=\"http:\/\/enteculturalsantafesino.com.ar\/\">Ente Cultural Santafesino<\/a> a trav\u00e9s de un encuentro anual en cada usina, donde se expondr\u00e1n las diferentes propuestas de la moda a trav\u00e9s de vestimentas y accesorios.<\/p>\n<p>Esta iniciativa tiene como fin fomentar el desarrollo local de la industria de la moda, promoviendo a nuestras comunidades como generadoras de sus propias tendencias e identidades, unificando un calendario com\u00fan de eventos, acciones y propuestas vinculadas al sector que incluya a todas las personas de cualquier contextura f\u00edsica.<\/p>\n<p><strong>El Programa basa su acci\u00f3n en dos etapas:<\/strong><br \/>\nLa primera se desarrolla con la difusi\u00f3n y desarrollo de exposiciones a trav\u00e9s de Desfiles, que permitir\u00e1 la promoci\u00f3n y el registro de cada participante local, dentro de una Usina Cultural del Ente Cultural Santafesino hacia el \u00e1mbito provincial.<\/p>\n<p>La segunda fase se genera en el \u00e1mbito virtual produciendo una Galer\u00eda Virtual de estrategias y colecciones productivas que permiten la divulgaci\u00f3n, a la vez que originan redes culturales y comerciales, en b\u00fasqueda de jerarquizaci\u00f3n y capacitaci\u00f3n en cada uno de los participantes.<\/p>\n<p>La Usina II se integra por: <em>Lehmann, Mar\u00eda Juana,Felicia<\/em><br \/>\n<em>Ramona, Esperanza , Moises Ville, Pilar, Bella Italia, Nuevo Torino<\/em><br \/>\n<em>Ataliva, Bauer y Siger, Sarmiento, Gr\u00fctly y La Pelada<\/em><\/p>\n<p>La colecci\u00f3n provincial puede visitarse en la Galer\u00eda Virtual del Ente Cultural Santafesino: <a href=\"http:\/\/entecultura.com.ar\/cooltura\/\">http:\/\/entecultura.com.ar\/cooltura\/<\/a><\/p>\n","protected":false},"excerpt":{"rendered":"<p>El proximo domingo 28 a partir de las 14hs en el Club Juventud Moderna se llevar\u00e1 a [&hellip;]<\/p>\n","protected":false},"author":3,"featured_media":17635,"comment_status":"closed","ping_status":"closed","sticky":false,"template":"","format":"standard","meta":{"_jetpack_memberships_contains_paid_content":false,"footnotes":"","jetpack_publicize_message":"","jetpack_publicize_feature_enabled":true,"jetpack_social_post_already_shared":true,"jetpack_social_options":{"image_generator_settings":{"template":"highway","enabled":false}}},"categories":[28,41],"tags":[],"jetpack_publicize_connections":[],"jetpack_featured_media_url":"http:\/\/enteculturalsantafesino.com.ar\/usina2\/wp-content\/uploads\/2017\/05\/logo.jpg","jetpack_sharing_enabled":true,"_links":{"self":[{"href":"http:\/\/enteculturalsantafesino.com.ar\/usina2\/wp-json\/wp\/v2\/posts\/17633"}],"collection":[{"href":"http:\/\/enteculturalsantafesino.com.ar\/usina2\/wp-json\/wp\/v2\/posts"}],"about":[{"href":"http:\/\/enteculturalsantafesino.com.ar\/usina2\/wp-json\/wp\/v2\/types\/post"}],"author":[{"embeddable":true,"href":"http:\/\/enteculturalsantafesino.com.ar\/usina2\/wp-json\/wp\/v2\/users\/3"}],"replies":[{"embeddable":true,"href":"http:\/\/enteculturalsantafesino.com.ar\/usina2\/wp-json\/wp\/v2\/comments?post=17633"}],"version-history":[{"count":1,"href":"http:\/\/enteculturalsantafesino.com.ar\/usina2\/wp-json\/wp\/v2\/posts\/17633\/revisions"}],"predecessor-version":[{"id":17636,"href":"http:\/\/enteculturalsantafesino.com.ar\/usina2\/wp-json\/wp\/v2\/posts\/17633\/revisions\/17636"}],"wp:featuredmedia":[{"embeddable":true,"href":"http:\/\/enteculturalsantafesino.com.ar\/usina2\/wp-json\/wp\/v2\/media\/17635"}],"wp:attachment":[{"href":"http:\/\/enteculturalsantafesino.com.ar\/usina2\/wp-json\/wp\/v2\/media?parent=17633"}],"wp:term":[{"taxonomy":"category","embeddable":true,"href":"http:\/\/enteculturalsantafesino.com.ar\/usina2\/wp-json\/wp\/v2\/categories?post=17633"},{"taxonomy":"post_tag","embeddable":true,"href":"http:\/\/enteculturalsantafesino.com.ar\/usina2\/wp-json\/wp\/v2\/tags?post=17633"}],"curies":[{"name":"wp","href":"https:\/\/api.w.org\/{rel}","templated":true}]}}