{"id":17637,"date":"2017-05-29T12:01:59","date_gmt":"2017-05-29T12:01:59","guid":{"rendered":"http:\/\/enteculturalsantafesino.com.ar\/usina2\/?p=17637"},"modified":"2017-05-29T12:02:36","modified_gmt":"2017-05-29T12:02:36","slug":"nuevo-torino-se-vistio-de-cooltura-junto-a-toda-la-usina-ii","status":"publish","type":"post","link":"http:\/\/enteculturalsantafesino.com.ar\/usina2\/2017\/05\/nuevo-torino-se-vistio-de-cooltura-junto-a-toda-la-usina-ii\/","title":{"rendered":"Nuevo Torino se visti\u00f3 de \u00abCoolTURA\u00bb junto a toda la Usina II"},"content":{"rendered":"<p><em>\u201cEn este oto\u00f1o los \u00e1rboles se despegan de sus hojas y Nuevo Torino se viste de moda y belleza\u201d<\/em><\/p>\n<p>El domingo 28 de mayo se llev\u00f3 a cabo en la Usina II el Programa Cooltura correspondiente a la Usina II, en la localidad de \u00a0Nuevo Torino. En \u00e9l se presentaron dise\u00f1adoras y costureras de las localidades de <strong>Grutly, La Pelada, Mar\u00eda Juana, Nuevo Torino, Sarmiento y Pilar.<\/strong><\/p>\n<p>El desfile, que se realiz\u00f3 en el sal\u00f3n del Club Juventud Moderna a partir de las 14:30 horas, \u00a0comenz\u00f3 con un video de presentaci\u00f3n de las diferentes localidades de la Usina II del Ente Santafesino de Cultura, para luego dar paso a las modelos, que alternaron indumentaria casual, vestidos de noche, ropa para ni\u00f1os y hombres,\u00a0accesorios y tejidos, as\u00ed como tambi\u00e9n trajes de pat\u00edn y danzas folkl\u00f3ricas. Se hizo tambi\u00e9n presente la danza, \u00a0a trav\u00e9s del grupo de folklore comunal.<\/p>\n<p>Adem\u00e1s de los Secretarios de Cultura y Gestores Culturales de las localidades de la Usina II, se encontraban presentes la Directora de la Usina II, Mt. Erika Guse, y los presidentes comunales de Bella Italia \u2013 H\u00e9ctor Perotti- , Grutly \u2013Jorge Nicollier- y Nuevo Torino \u2013 Juan Carlos Imsteyf.-<\/p>\n","protected":false},"excerpt":{"rendered":"<p>\u201cEn este oto\u00f1o los \u00e1rboles se despegan de sus hojas y Nuevo Torino se viste de moda [&hellip;]<\/p>\n","protected":false},"author":3,"featured_media":17638,"comment_status":"closed","ping_status":"closed","sticky":false,"template":"","format":"standard","meta":{"_jetpack_memberships_contains_paid_content":false,"footnotes":"","jetpack_publicize_message":"","jetpack_publicize_feature_enabled":true,"jetpack_social_post_already_shared":true,"jetpack_social_options":{"image_generator_settings":{"template":"highway","enabled":false}}},"categories":[28,41],"tags":[],"jetpack_publicize_connections":[],"jetpack_featured_media_url":"http:\/\/enteculturalsantafesino.com.ar\/usina2\/wp-content\/uploads\/2017\/05\/18815976_421717511547727_518821816_n.jpg","jetpack_sharing_enabled":true,"_links":{"self":[{"href":"http:\/\/enteculturalsantafesino.com.ar\/usina2\/wp-json\/wp\/v2\/posts\/17637"}],"collection":[{"href":"http:\/\/enteculturalsantafesino.com.ar\/usina2\/wp-json\/wp\/v2\/posts"}],"about":[{"href":"http:\/\/enteculturalsantafesino.com.ar\/usina2\/wp-json\/wp\/v2\/types\/post"}],"author":[{"embeddable":true,"href":"http:\/\/enteculturalsantafesino.com.ar\/usina2\/wp-json\/wp\/v2\/users\/3"}],"replies":[{"embeddable":true,"href":"http:\/\/enteculturalsantafesino.com.ar\/usina2\/wp-json\/wp\/v2\/comments?post=17637"}],"version-history":[{"count":2,"href":"http:\/\/enteculturalsantafesino.com.ar\/usina2\/wp-json\/wp\/v2\/posts\/17637\/revisions"}],"predecessor-version":[{"id":17640,"href":"http:\/\/enteculturalsantafesino.com.ar\/usina2\/wp-json\/wp\/v2\/posts\/17637\/revisions\/17640"}],"wp:featuredmedia":[{"embeddable":true,"href":"http:\/\/enteculturalsantafesino.com.ar\/usina2\/wp-json\/wp\/v2\/media\/17638"}],"wp:attachment":[{"href":"http:\/\/enteculturalsantafesino.com.ar\/usina2\/wp-json\/wp\/v2\/media?parent=17637"}],"wp:term":[{"taxonomy":"category","embeddable":true,"href":"http:\/\/enteculturalsantafesino.com.ar\/usina2\/wp-json\/wp\/v2\/categories?post=17637"},{"taxonomy":"post_tag","embeddable":true,"href":"http:\/\/enteculturalsantafesino.com.ar\/usina2\/wp-json\/wp\/v2\/tags?post=17637"}],"curies":[{"name":"wp","href":"https:\/\/api.w.org\/{rel}","templated":true}]}}